{"id":16505,"date":"2022-01-03T16:39:25","date_gmt":"2022-01-03T15:39:25","guid":{"rendered":"https:\/\/www.livemag.it\/?p=16505"},"modified":"2022-01-03T16:39:28","modified_gmt":"2022-01-03T15:39:28","slug":"arriva-la-befana","status":"publish","type":"post","link":"https:\/\/www.livemag.it\/index.php\/2022\/01\/03\/arriva-la-befana\/","title":{"rendered":"ARRIVA LA BEFANA&#8230;"},"content":{"rendered":"\n<p>GIOVEDI\u2019 6 GENNAIO, LA VECCHIETTA MILLENARIA SULLA SCOPA CHE<br>REGALA DOLCIUMI E ALLEGRIA AI BIMBI, APPRODERA\u2019 AL REGNO DI<br>BABBO NATALE ANCHE PER RICORDARE IL PICCOLO MATIAS<\/p>\n\n\n\n<p>Il giorno della Befana, sar\u00e0 un giorno memorabile nel magico Regno di<br>Babbo Natale a Vetralla (Viterbo)! La simpatica nonnina millenaria arriver\u00e0<br>per accogliere tutti i bambini che vorranno incontrarla oltre a colorare la<br>giornata con tante sorprese straordinarie e soprattutto all\u2019insegna della<br>solidariet\u00e0.<\/p>\n\n\n\n<figure class=\"wp-block-image size-large\"><img fetchpriority=\"high\" decoding=\"async\" width=\"1024\" height=\"680\" src=\"http:\/\/www.livemag.it\/wp-content\/uploads\/2022\/01\/de207159-b5bc-4ae6-b880-5f0c34915c32-1024x680.jpg\" alt=\"\" class=\"wp-image-16506\" srcset=\"https:\/\/www.livemag.it\/wp-content\/uploads\/2022\/01\/de207159-b5bc-4ae6-b880-5f0c34915c32-1024x680.jpg 1024w, https:\/\/www.livemag.it\/wp-content\/uploads\/2022\/01\/de207159-b5bc-4ae6-b880-5f0c34915c32-300x199.jpg 300w, https:\/\/www.livemag.it\/wp-content\/uploads\/2022\/01\/de207159-b5bc-4ae6-b880-5f0c34915c32-768x510.jpg 768w, https:\/\/www.livemag.it\/wp-content\/uploads\/2022\/01\/de207159-b5bc-4ae6-b880-5f0c34915c32-1536x1020.jpg 1536w, https:\/\/www.livemag.it\/wp-content\/uploads\/2022\/01\/de207159-b5bc-4ae6-b880-5f0c34915c32.jpg 1600w\" sizes=\"(max-width: 1024px) 100vw, 1024px\" \/><\/figure>\n\n\n\n<p> Con il Patrocinio del Comune di Vetralla, il benestare delle Autorit\u00e0 locali e la<br>preziosa partecipazione dell\u2019Esercito Italiano, si terr\u00e0 infatti una<br>manifestazione in memoria del piccolo Matias (il bimbo vetrallese coinvolto<br>in una triste pagina di cronaca nera ) per incentivare la raccolta fondi<br>promossa proprio dal Comune di Vetralla a favore della mamma, Majrola.<br>Un elicottero dell\u2019Aviazione dell\u2019Esercito atterrer\u00e0 all\u2019interno del Regno di<br>Babbo Natale e si tratterr\u00e0 in mostra statica a disposizione di tutti i bambini.<br>Con questo gesto l\u2019Esercito Italiano dimostra ancora una volta di essere<br>vicino alla gente e contribuisce a donare, soprattutto ai pi\u00f9 piccoli, una<br>giornata indimenticabile in ricordo di Matias.<br><br>Come sempre nel Regno di Babbo Natale, la giornata, che inizia alle 9:30<br>fino alle 19:30 con orario continuato e Ingresso Gratuito, sar\u00e0 farcita di<br>animazione, spettacoli, incontri con le mascotte e i personaggi del Regno,<br>incontri con Babbo Natale e la Befana, attrazioni, food e si svolger\u00e0 nel<br>rispetto delle vigenti normative anti-covid.<br>Sar\u00e0 una giornata straordinaria, e ancora di pi\u00f9 sar\u00e0 farne parte! <\/p>\n\n\n\n<p><strong><em>ENRICO SANTAMARIA aka SANTY<\/em><\/strong><\/p>\n","protected":false},"excerpt":{"rendered":"<p>GIOVEDI\u2019 6 GENNAIO, LA VECCHIETTA MILLENARIA SULLA SCOPA CHEREGALA DOLCIUMI E ALLEGRIA AI BIMBI, APPRODERA\u2019 AL REGNO DIBABBO NATALE ANCHE PER RICORDARE IL PICCOLO MATIAS Il giorno della Befana, sar\u00e0 un giorno memorabile nel magico Regno diBabbo Natale a Vetralla (Viterbo)! La simpatica nonnina millenaria arriver\u00e0per accogliere tutti i bambini che vorranno incontrarla oltre a [&hellip;]<\/p>\n","protected":false},"author":6,"featured_media":16506,"comment_status":"open","ping_status":"open","sticky":false,"template":"","format":"standard","meta":{"jnews-multi-image_gallery":[],"jnews_single_post":[],"jnews_primary_category":[],"jnews_social_meta":[],"jnews_override_counter":[],"jnews_post_split":[],"footnotes":""},"categories":[9],"tags":[878,245,207,246],"class_list":["post-16505","post","type-post","status-publish","format-standard","has-post-thumbnail","hentry","category-costume-e-societa","tag-arrivalabefana","tag-ilregnodibabbonatale","tag-lajannapress","tag-vetralla"],"yoast_head":"<!-- This site is optimized with the Yoast SEO plugin v27.4 - https:\/\/yoast.com\/product\/yoast-seo-wordpress\/ -->\n<title>ARRIVA LA BEFANA... - Live Magazine<\/title>\n<meta name=\"robots\" content=\"index, follow, max-snippet:-1, max-image-preview:large, max-video-preview:-1\" \/>\n<link rel=\"canonical\" href=\"https:\/\/www.livemag.it\/index.php\/2022\/01\/03\/arriva-la-befana\/\" \/>\n<meta property=\"og:locale\" content=\"it_IT\" \/>\n<meta property=\"og:type\" content=\"article\" \/>\n<meta property=\"og:title\" content=\"ARRIVA LA BEFANA... - Live Magazine\" \/>\n<meta property=\"og:description\" content=\"GIOVEDI\u2019 6 GENNAIO, LA VECCHIETTA MILLENARIA SULLA SCOPA CHEREGALA DOLCIUMI E ALLEGRIA AI BIMBI, APPRODERA\u2019 AL REGNO DIBABBO NATALE ANCHE PER RICORDARE IL PICCOLO MATIAS Il giorno della Befana, sar\u00e0 un giorno memorabile nel magico Regno diBabbo Natale a Vetralla (Viterbo)! La simpatica nonnina millenaria arriver\u00e0per accogliere tutti i bambini che vorranno incontrarla oltre a [&hellip;]\" \/>\n<meta property=\"og:url\" content=\"https:\/\/www.livemag.it\/index.php\/2022\/01\/03\/arriva-la-befana\/\" \/>\n<meta property=\"og:site_name\" content=\"Live Magazine\" \/>\n<meta property=\"article:publisher\" content=\"https:\/\/www.facebook.com\/LiveMag\/\" \/>\n<meta property=\"article:published_time\" content=\"2022-01-03T15:39:25+00:00\" \/>\n<meta property=\"article:modified_time\" content=\"2022-01-03T15:39:28+00:00\" \/>\n<meta property=\"og:image\" content=\"https:\/\/www.livemag.it\/wp-content\/uploads\/2022\/01\/de207159-b5bc-4ae6-b880-5f0c34915c32.jpg\" \/>\n\t<meta property=\"og:image:width\" content=\"1600\" \/>\n\t<meta property=\"og:image:height\" content=\"1063\" \/>\n\t<meta property=\"og:image:type\" content=\"image\/jpeg\" \/>\n<meta name=\"author\" content=\"Enrico Santamaria\" \/>\n<meta name=\"twitter:card\" content=\"summary_large_image\" \/>\n<meta name=\"twitter:creator\" content=\"@LiveNotizie\" \/>\n<meta name=\"twitter:site\" content=\"@LiveNotizie\" \/>\n<meta name=\"twitter:label1\" content=\"Scritto da\" \/>\n\t<meta name=\"twitter:data1\" content=\"Enrico Santamaria\" \/>\n\t<meta name=\"twitter:label2\" content=\"Tempo di lettura stimato\" \/>\n\t<meta name=\"twitter:data2\" content=\"2 minuti\" \/>\n<script type=\"application\/ld+json\" class=\"yoast-schema-graph\">{\"@context\":\"https:\\\/\\\/schema.org\",\"@graph\":[{\"@type\":\"Article\",\"@id\":\"https:\\\/\\\/www.livemag.it\\\/index.php\\\/2022\\\/01\\\/03\\\/arriva-la-befana\\\/#article\",\"isPartOf\":{\"@id\":\"https:\\\/\\\/www.livemag.it\\\/index.php\\\/2022\\\/01\\\/03\\\/arriva-la-befana\\\/\"},\"author\":{\"name\":\"Enrico Santamaria\",\"@id\":\"https:\\\/\\\/www.livemag.it\\\/#\\\/schema\\\/person\\\/eac39c35e128046ef29b7f0e4aba2063\"},\"headline\":\"ARRIVA LA BEFANA&#8230;\",\"datePublished\":\"2022-01-03T15:39:25+00:00\",\"dateModified\":\"2022-01-03T15:39:28+00:00\",\"mainEntityOfPage\":{\"@id\":\"https:\\\/\\\/www.livemag.it\\\/index.php\\\/2022\\\/01\\\/03\\\/arriva-la-befana\\\/\"},\"wordCount\":239,\"commentCount\":0,\"publisher\":{\"@id\":\"https:\\\/\\\/www.livemag.it\\\/#organization\"},\"image\":{\"@id\":\"https:\\\/\\\/www.livemag.it\\\/index.php\\\/2022\\\/01\\\/03\\\/arriva-la-befana\\\/#primaryimage\"},\"thumbnailUrl\":\"https:\\\/\\\/www.livemag.it\\\/wp-content\\\/uploads\\\/2022\\\/01\\\/de207159-b5bc-4ae6-b880-5f0c34915c32.jpg\",\"keywords\":[\"arrivalabefana\",\"ilregnodibabbonatale\",\"lajannapress\",\"vetralla\"],\"articleSection\":[\"Costume e Societ\u00e0\"],\"inLanguage\":\"it-IT\",\"potentialAction\":[{\"@type\":\"CommentAction\",\"name\":\"Comment\",\"target\":[\"https:\\\/\\\/www.livemag.it\\\/index.php\\\/2022\\\/01\\\/03\\\/arriva-la-befana\\\/#respond\"]}]},{\"@type\":\"WebPage\",\"@id\":\"https:\\\/\\\/www.livemag.it\\\/index.php\\\/2022\\\/01\\\/03\\\/arriva-la-befana\\\/\",\"url\":\"https:\\\/\\\/www.livemag.it\\\/index.php\\\/2022\\\/01\\\/03\\\/arriva-la-befana\\\/\",\"name\":\"ARRIVA LA BEFANA... - Live Magazine\",\"isPartOf\":{\"@id\":\"https:\\\/\\\/www.livemag.it\\\/#website\"},\"primaryImageOfPage\":{\"@id\":\"https:\\\/\\\/www.livemag.it\\\/index.php\\\/2022\\\/01\\\/03\\\/arriva-la-befana\\\/#primaryimage\"},\"image\":{\"@id\":\"https:\\\/\\\/www.livemag.it\\\/index.php\\\/2022\\\/01\\\/03\\\/arriva-la-befana\\\/#primaryimage\"},\"thumbnailUrl\":\"https:\\\/\\\/www.livemag.it\\\/wp-content\\\/uploads\\\/2022\\\/01\\\/de207159-b5bc-4ae6-b880-5f0c34915c32.jpg\",\"datePublished\":\"2022-01-03T15:39:25+00:00\",\"dateModified\":\"2022-01-03T15:39:28+00:00\",\"breadcrumb\":{\"@id\":\"https:\\\/\\\/www.livemag.it\\\/index.php\\\/2022\\\/01\\\/03\\\/arriva-la-befana\\\/#breadcrumb\"},\"inLanguage\":\"it-IT\",\"potentialAction\":[{\"@type\":\"ReadAction\",\"target\":[\"https:\\\/\\\/www.livemag.it\\\/index.php\\\/2022\\\/01\\\/03\\\/arriva-la-befana\\\/\"]}]},{\"@type\":\"ImageObject\",\"inLanguage\":\"it-IT\",\"@id\":\"https:\\\/\\\/www.livemag.it\\\/index.php\\\/2022\\\/01\\\/03\\\/arriva-la-befana\\\/#primaryimage\",\"url\":\"https:\\\/\\\/www.livemag.it\\\/wp-content\\\/uploads\\\/2022\\\/01\\\/de207159-b5bc-4ae6-b880-5f0c34915c32.jpg\",\"contentUrl\":\"https:\\\/\\\/www.livemag.it\\\/wp-content\\\/uploads\\\/2022\\\/01\\\/de207159-b5bc-4ae6-b880-5f0c34915c32.jpg\",\"width\":1600,\"height\":1063},{\"@type\":\"BreadcrumbList\",\"@id\":\"https:\\\/\\\/www.livemag.it\\\/index.php\\\/2022\\\/01\\\/03\\\/arriva-la-befana\\\/#breadcrumb\",\"itemListElement\":[{\"@type\":\"ListItem\",\"position\":1,\"name\":\"Home\",\"item\":\"https:\\\/\\\/www.livemag.it\\\/\"},{\"@type\":\"ListItem\",\"position\":2,\"name\":\"ARRIVA LA BEFANA&#8230;\"}]},{\"@type\":\"WebSite\",\"@id\":\"https:\\\/\\\/www.livemag.it\\\/#website\",\"url\":\"https:\\\/\\\/www.livemag.it\\\/\",\"name\":\"Live Magazine\",\"description\":\"Varie ed eventi\",\"publisher\":{\"@id\":\"https:\\\/\\\/www.livemag.it\\\/#organization\"},\"potentialAction\":[{\"@type\":\"SearchAction\",\"target\":{\"@type\":\"EntryPoint\",\"urlTemplate\":\"https:\\\/\\\/www.livemag.it\\\/?s={search_term_string}\"},\"query-input\":{\"@type\":\"PropertyValueSpecification\",\"valueRequired\":true,\"valueName\":\"search_term_string\"}}],\"inLanguage\":\"it-IT\"},{\"@type\":\"Organization\",\"@id\":\"https:\\\/\\\/www.livemag.it\\\/#organization\",\"name\":\"LiveMag\",\"alternateName\":\"LiveMag News ed eventi\",\"url\":\"https:\\\/\\\/www.livemag.it\\\/\",\"logo\":{\"@type\":\"ImageObject\",\"inLanguage\":\"it-IT\",\"@id\":\"https:\\\/\\\/www.livemag.it\\\/#\\\/schema\\\/logo\\\/image\\\/\",\"url\":\"https:\\\/\\\/www.livemag.it\\\/wp-content\\\/uploads\\\/2024\\\/02\\\/immagine-sito.jpg\",\"contentUrl\":\"https:\\\/\\\/www.livemag.it\\\/wp-content\\\/uploads\\\/2024\\\/02\\\/immagine-sito.jpg\",\"width\":696,\"height\":696,\"caption\":\"LiveMag\"},\"image\":{\"@id\":\"https:\\\/\\\/www.livemag.it\\\/#\\\/schema\\\/logo\\\/image\\\/\"},\"sameAs\":[\"https:\\\/\\\/www.facebook.com\\\/LiveMag\\\/\",\"https:\\\/\\\/x.com\\\/LiveNotizie\",\"https:\\\/\\\/www.instagram.com\\\/livemag\\\/\"]},{\"@type\":\"Person\",\"@id\":\"https:\\\/\\\/www.livemag.it\\\/#\\\/schema\\\/person\\\/eac39c35e128046ef29b7f0e4aba2063\",\"name\":\"Enrico Santamaria\",\"image\":{\"@type\":\"ImageObject\",\"inLanguage\":\"it-IT\",\"@id\":\"https:\\\/\\\/secure.gravatar.com\\\/avatar\\\/46fb4cd9943ae438f83f978b8089dd12731d06416fe529f1e6492edfba34f6d7?s=96&r=g\",\"url\":\"https:\\\/\\\/secure.gravatar.com\\\/avatar\\\/46fb4cd9943ae438f83f978b8089dd12731d06416fe529f1e6492edfba34f6d7?s=96&r=g\",\"contentUrl\":\"https:\\\/\\\/secure.gravatar.com\\\/avatar\\\/46fb4cd9943ae438f83f978b8089dd12731d06416fe529f1e6492edfba34f6d7?s=96&r=g\",\"caption\":\"Enrico Santamaria\"},\"description\":\"giornalista, copywriter, graphic designer\",\"url\":\"https:\\\/\\\/www.livemag.it\\\/index.php\\\/author\\\/santy\\\/\"}]}<\/script>\n<!-- \/ Yoast SEO plugin. -->","yoast_head_json":{"title":"ARRIVA LA BEFANA... - Live Magazine","robots":{"index":"index","follow":"follow","max-snippet":"max-snippet:-1","max-image-preview":"max-image-preview:large","max-video-preview":"max-video-preview:-1"},"canonical":"https:\/\/www.livemag.it\/index.php\/2022\/01\/03\/arriva-la-befana\/","og_locale":"it_IT","og_type":"article","og_title":"ARRIVA LA BEFANA... - Live Magazine","og_description":"GIOVEDI\u2019 6 GENNAIO, LA VECCHIETTA MILLENARIA SULLA SCOPA CHEREGALA DOLCIUMI E ALLEGRIA AI BIMBI, APPRODERA\u2019 AL REGNO DIBABBO NATALE ANCHE PER RICORDARE IL PICCOLO MATIAS Il giorno della Befana, sar\u00e0 un giorno memorabile nel magico Regno diBabbo Natale a Vetralla (Viterbo)! La simpatica nonnina millenaria arriver\u00e0per accogliere tutti i bambini che vorranno incontrarla oltre a [&hellip;]","og_url":"https:\/\/www.livemag.it\/index.php\/2022\/01\/03\/arriva-la-befana\/","og_site_name":"Live Magazine","article_publisher":"https:\/\/www.facebook.com\/LiveMag\/","article_published_time":"2022-01-03T15:39:25+00:00","article_modified_time":"2022-01-03T15:39:28+00:00","og_image":[{"width":1600,"height":1063,"url":"https:\/\/www.livemag.it\/wp-content\/uploads\/2022\/01\/de207159-b5bc-4ae6-b880-5f0c34915c32.jpg","type":"image\/jpeg"}],"author":"Enrico Santamaria","twitter_card":"summary_large_image","twitter_creator":"@LiveNotizie","twitter_site":"@LiveNotizie","twitter_misc":{"Scritto da":"Enrico Santamaria","Tempo di lettura stimato":"2 minuti"},"schema":{"@context":"https:\/\/schema.org","@graph":[{"@type":"Article","@id":"https:\/\/www.livemag.it\/index.php\/2022\/01\/03\/arriva-la-befana\/#article","isPartOf":{"@id":"https:\/\/www.livemag.it\/index.php\/2022\/01\/03\/arriva-la-befana\/"},"author":{"name":"Enrico Santamaria","@id":"https:\/\/www.livemag.it\/#\/schema\/person\/eac39c35e128046ef29b7f0e4aba2063"},"headline":"ARRIVA LA BEFANA&#8230;","datePublished":"2022-01-03T15:39:25+00:00","dateModified":"2022-01-03T15:39:28+00:00","mainEntityOfPage":{"@id":"https:\/\/www.livemag.it\/index.php\/2022\/01\/03\/arriva-la-befana\/"},"wordCount":239,"commentCount":0,"publisher":{"@id":"https:\/\/www.livemag.it\/#organization"},"image":{"@id":"https:\/\/www.livemag.it\/index.php\/2022\/01\/03\/arriva-la-befana\/#primaryimage"},"thumbnailUrl":"https:\/\/www.livemag.it\/wp-content\/uploads\/2022\/01\/de207159-b5bc-4ae6-b880-5f0c34915c32.jpg","keywords":["arrivalabefana","ilregnodibabbonatale","lajannapress","vetralla"],"articleSection":["Costume e Societ\u00e0"],"inLanguage":"it-IT","potentialAction":[{"@type":"CommentAction","name":"Comment","target":["https:\/\/www.livemag.it\/index.php\/2022\/01\/03\/arriva-la-befana\/#respond"]}]},{"@type":"WebPage","@id":"https:\/\/www.livemag.it\/index.php\/2022\/01\/03\/arriva-la-befana\/","url":"https:\/\/www.livemag.it\/index.php\/2022\/01\/03\/arriva-la-befana\/","name":"ARRIVA LA BEFANA... - Live Magazine","isPartOf":{"@id":"https:\/\/www.livemag.it\/#website"},"primaryImageOfPage":{"@id":"https:\/\/www.livemag.it\/index.php\/2022\/01\/03\/arriva-la-befana\/#primaryimage"},"image":{"@id":"https:\/\/www.livemag.it\/index.php\/2022\/01\/03\/arriva-la-befana\/#primaryimage"},"thumbnailUrl":"https:\/\/www.livemag.it\/wp-content\/uploads\/2022\/01\/de207159-b5bc-4ae6-b880-5f0c34915c32.jpg","datePublished":"2022-01-03T15:39:25+00:00","dateModified":"2022-01-03T15:39:28+00:00","breadcrumb":{"@id":"https:\/\/www.livemag.it\/index.php\/2022\/01\/03\/arriva-la-befana\/#breadcrumb"},"inLanguage":"it-IT","potentialAction":[{"@type":"ReadAction","target":["https:\/\/www.livemag.it\/index.php\/2022\/01\/03\/arriva-la-befana\/"]}]},{"@type":"ImageObject","inLanguage":"it-IT","@id":"https:\/\/www.livemag.it\/index.php\/2022\/01\/03\/arriva-la-befana\/#primaryimage","url":"https:\/\/www.livemag.it\/wp-content\/uploads\/2022\/01\/de207159-b5bc-4ae6-b880-5f0c34915c32.jpg","contentUrl":"https:\/\/www.livemag.it\/wp-content\/uploads\/2022\/01\/de207159-b5bc-4ae6-b880-5f0c34915c32.jpg","width":1600,"height":1063},{"@type":"BreadcrumbList","@id":"https:\/\/www.livemag.it\/index.php\/2022\/01\/03\/arriva-la-befana\/#breadcrumb","itemListElement":[{"@type":"ListItem","position":1,"name":"Home","item":"https:\/\/www.livemag.it\/"},{"@type":"ListItem","position":2,"name":"ARRIVA LA BEFANA&#8230;"}]},{"@type":"WebSite","@id":"https:\/\/www.livemag.it\/#website","url":"https:\/\/www.livemag.it\/","name":"Live Magazine","description":"Varie ed eventi","publisher":{"@id":"https:\/\/www.livemag.it\/#organization"},"potentialAction":[{"@type":"SearchAction","target":{"@type":"EntryPoint","urlTemplate":"https:\/\/www.livemag.it\/?s={search_term_string}"},"query-input":{"@type":"PropertyValueSpecification","valueRequired":true,"valueName":"search_term_string"}}],"inLanguage":"it-IT"},{"@type":"Organization","@id":"https:\/\/www.livemag.it\/#organization","name":"LiveMag","alternateName":"LiveMag News ed eventi","url":"https:\/\/www.livemag.it\/","logo":{"@type":"ImageObject","inLanguage":"it-IT","@id":"https:\/\/www.livemag.it\/#\/schema\/logo\/image\/","url":"https:\/\/www.livemag.it\/wp-content\/uploads\/2024\/02\/immagine-sito.jpg","contentUrl":"https:\/\/www.livemag.it\/wp-content\/uploads\/2024\/02\/immagine-sito.jpg","width":696,"height":696,"caption":"LiveMag"},"image":{"@id":"https:\/\/www.livemag.it\/#\/schema\/logo\/image\/"},"sameAs":["https:\/\/www.facebook.com\/LiveMag\/","https:\/\/x.com\/LiveNotizie","https:\/\/www.instagram.com\/livemag\/"]},{"@type":"Person","@id":"https:\/\/www.livemag.it\/#\/schema\/person\/eac39c35e128046ef29b7f0e4aba2063","name":"Enrico Santamaria","image":{"@type":"ImageObject","inLanguage":"it-IT","@id":"https:\/\/secure.gravatar.com\/avatar\/46fb4cd9943ae438f83f978b8089dd12731d06416fe529f1e6492edfba34f6d7?s=96&r=g","url":"https:\/\/secure.gravatar.com\/avatar\/46fb4cd9943ae438f83f978b8089dd12731d06416fe529f1e6492edfba34f6d7?s=96&r=g","contentUrl":"https:\/\/secure.gravatar.com\/avatar\/46fb4cd9943ae438f83f978b8089dd12731d06416fe529f1e6492edfba34f6d7?s=96&r=g","caption":"Enrico Santamaria"},"description":"giornalista, copywriter, graphic designer","url":"https:\/\/www.livemag.it\/index.php\/author\/santy\/"}]}},"jetpack_featured_media_url":"https:\/\/www.livemag.it\/wp-content\/uploads\/2022\/01\/de207159-b5bc-4ae6-b880-5f0c34915c32.jpg","_links":{"self":[{"href":"https:\/\/www.livemag.it\/index.php\/wp-json\/wp\/v2\/posts\/16505","targetHints":{"allow":["GET"]}}],"collection":[{"href":"https:\/\/www.livemag.it\/index.php\/wp-json\/wp\/v2\/posts"}],"about":[{"href":"https:\/\/www.livemag.it\/index.php\/wp-json\/wp\/v2\/types\/post"}],"author":[{"embeddable":true,"href":"https:\/\/www.livemag.it\/index.php\/wp-json\/wp\/v2\/users\/6"}],"replies":[{"embeddable":true,"href":"https:\/\/www.livemag.it\/index.php\/wp-json\/wp\/v2\/comments?post=16505"}],"version-history":[{"count":1,"href":"https:\/\/www.livemag.it\/index.php\/wp-json\/wp\/v2\/posts\/16505\/revisions"}],"predecessor-version":[{"id":16507,"href":"https:\/\/www.livemag.it\/index.php\/wp-json\/wp\/v2\/posts\/16505\/revisions\/16507"}],"wp:featuredmedia":[{"embeddable":true,"href":"https:\/\/www.livemag.it\/index.php\/wp-json\/wp\/v2\/media\/16506"}],"wp:attachment":[{"href":"https:\/\/www.livemag.it\/index.php\/wp-json\/wp\/v2\/media?parent=16505"}],"wp:term":[{"taxonomy":"category","embeddable":true,"href":"https:\/\/www.livemag.it\/index.php\/wp-json\/wp\/v2\/categories?post=16505"},{"taxonomy":"post_tag","embeddable":true,"href":"https:\/\/www.livemag.it\/index.php\/wp-json\/wp\/v2\/tags?post=16505"}],"curies":[{"name":"wp","href":"https:\/\/api.w.org\/{rel}","templated":true}]}}