{"id":16196,"date":"2021-11-29T20:36:59","date_gmt":"2021-11-29T19:36:59","guid":{"rendered":"https:\/\/www.livemag.it\/?p=16196"},"modified":"2021-11-29T20:37:02","modified_gmt":"2021-11-29T19:37:02","slug":"ecco-le-piu-belle-del-piemonte","status":"publish","type":"post","link":"https:\/\/www.livemag.it\/index.php\/2021\/11\/29\/ecco-le-piu-belle-del-piemonte\/","title":{"rendered":"Ecco le pi\u00f9 belle del Piemonte"},"content":{"rendered":"\n<p>Ecco le 9 miss che rappresenteranno il Piemonte e la Valle d&#8217;Aosta alle prefinali nazionali di Miss Italia, in programma domani e dopodomani a Roma. Finalmente le ragazze valdostane tornano in prefinale nazionale: quest&#8217;anno ce ne sono due, Miss Valle d&#8217;Aosta <strong>Eliana Moise<\/strong> e Miss Miluna Piemonte e Valle d&#8217;Aosta <strong>Irene Motto Ros<\/strong>, entrambe studentesse di 19 anni. In Piemonte e Valle d&#8217;Aosta il concorso \u00e8 unificato e sovente, in passato, sono state le ragazze piemontesi a rappresentare la Valle in assenza di finaliste aostane.<\/p>\n\n\n\n<h2 class=\"wp-block-heading\">Le Nove Miss<\/h2>\n\n\n\n<p>Miss Piemonte, <strong>Masiel Tomalino<\/strong>, 21 anni, studentessa di Economia e Statistica, ha origini italo-cubane. Nata a Torino da pap\u00e0 italiano e mamma cubana. Ama la danza e il canto. Capelli e occhi neri, \u00e8 alta 1,65.<\/p>\n\n\n\n<p>Miss Valle d&#8217;Aosta, <strong>Eliana Moise<\/strong>, 19 anni, studia al liceo scientifico e vive a Saint Vincent (AO) ma \u00e8 figlia di genitori rumeni: la mamma \u00e8 di Craiova, il pap\u00e0 di Ploiesti. Dall&#8217;et\u00e0 di 8 anni gioca a pallavolo: \u00e8 cresciuta nella squadra del CSI Chatillon, dove ha disputato diversi campionati giovanili arrivando a vincere il titolo nazionale alle finali under 14. Da un paio d&#8217;anni milita in serie D: prima \u00e8 stata in forza al Fenusma in Valle d&#8217;Aosta, ed ora gioca nel Rivarolo Canavese. Ha capelli biondi e occhi azzurri, \u00e8 alta 1,79.<\/p>\n\n\n\n<p>Miss Eleganza Piemonte e Valle d&#8217;Aosta<strong>, Sakina El Kabbouri<\/strong>, 27 anni nata a Susa (TO) e residente ad Avigliana (TO), studia economia e statistica. Figlia di genitori marocchini, balla la danza del ventre. Capelli castani e occhi neri, \u00e8 alta 1,65.<\/p>\n\n\n\n<p>Miss Sorriso Piemonte e Valle d&#8217;Aosta, <strong>Francesca Bessone<\/strong>, 26 anni, nativa di Desenzano del Garda ma residente a Gattico-Veruno (NO). Di professione carabiniere, lavora a Borgomanero, in provincia di Novara. L&#8217;anno scorso aveva partecipato al concorso in Friuli Venezia GIulia, allora risiedeva a San Giorgio di Nogaro (UD). Capelli e occhi castani, \u00e8 alta 1,70.<\/p>\n\n\n\n<p>Miss Miluna Piemonte Valle D\u2019Aosta, <strong>Irene Motto Ros<\/strong>, studentessa 19 anni, di Aosta, capelli biondi occhi marroni, alta 1,74.<\/p>\n\n\n\n<p>Miss Cinema Piemonte Valle D\u2019Aosta<strong>, Rebecca Arnone<\/strong>, 19 anni di Torino, studia Biologia. Pratica tiro sportivo e tiro a segno nazionale. Capelli biondi e occhi castani, alta 1,78.<\/p>\n\n\n\n<p>Miss Rocchetta Bellezza Piemonte Valle D\u2019Aosta, <strong>Sara Cordone<\/strong>, 22 anni di Arquata Scrivia (AL), studia Biologia, ha suonato il piano e praticato pallavolo per tanti anni. Capelli biondi e occhi castani, \u00e8 alta 1,70.<\/p>\n\n\n\n<p>Miss Be_Much Piemonte e Valle d&#8217;Aosta, <strong>Carlotta Necchi<\/strong>, 21 anni di Valenza (AL), laureata in Biotecnologie, ha praticato ginnastica artistica per 17 anni. Capelli neri e occhi verdi, \u00e8 alta 1,67.<\/p>\n\n\n\n<p>Miss Sport Piemonte e Valle d&#8217;Aosta, <strong>Erika Russo<\/strong>, 20 anni di Collegno (TO), lavora come consulente del lavoro per la gestione delle risorse umane. Ama ballare. Ha capelli biondi e occhi verdi, \u00e8 alta 1,73.<\/p>\n\n\n\n<figure class=\"wp-block-gallery columns-3 is-cropped wp-block-gallery-1 is-layout-flex wp-block-gallery-is-layout-flex\"><ul class=\"blocks-gallery-grid\"><li class=\"blocks-gallery-item\"><figure><a href=\"http:\/\/www.livemag.it\/wp-content\/uploads\/2021\/11\/Carlotta-Necchi-Miss-Be-Much-Piemonte-e-VdA.jpeg\"><img fetchpriority=\"high\" decoding=\"async\" width=\"683\" height=\"1024\" src=\"http:\/\/www.livemag.it\/wp-content\/uploads\/2021\/11\/Carlotta-Necchi-Miss-Be-Much-Piemonte-e-VdA-683x1024.jpeg\" alt=\"\" data-id=\"16197\" data-full-url=\"http:\/\/www.livemag.it\/wp-content\/uploads\/2021\/11\/Carlotta-Necchi-Miss-Be-Much-Piemonte-e-VdA.jpeg\" data-link=\"https:\/\/www.livemag.it\/?attachment_id=16197\" class=\"wp-image-16197\" srcset=\"https:\/\/www.livemag.it\/wp-content\/uploads\/2021\/11\/Carlotta-Necchi-Miss-Be-Much-Piemonte-e-VdA-683x1024.jpeg 683w, https:\/\/www.livemag.it\/wp-content\/uploads\/2021\/11\/Carlotta-Necchi-Miss-Be-Much-Piemonte-e-VdA-200x300.jpeg 200w, https:\/\/www.livemag.it\/wp-content\/uploads\/2021\/11\/Carlotta-Necchi-Miss-Be-Much-Piemonte-e-VdA-768x1151.jpeg 768w, https:\/\/www.livemag.it\/wp-content\/uploads\/2021\/11\/Carlotta-Necchi-Miss-Be-Much-Piemonte-e-VdA-1025x1536.jpeg 1025w, https:\/\/www.livemag.it\/wp-content\/uploads\/2021\/11\/Carlotta-Necchi-Miss-Be-Much-Piemonte-e-VdA.jpeg 1232w\" sizes=\"(max-width: 683px) 100vw, 683px\" \/><\/a><\/figure><\/li><li class=\"blocks-gallery-item\"><figure><a href=\"http:\/\/www.livemag.it\/wp-content\/uploads\/2021\/11\/Eliana-Moise-Miss-Valle-dAosta-2021-scaled.jpg\"><img decoding=\"async\" width=\"768\" height=\"1024\" src=\"http:\/\/www.livemag.it\/wp-content\/uploads\/2021\/11\/Eliana-Moise-Miss-Valle-dAosta-2021-768x1024.jpg\" alt=\"\" data-id=\"16198\" data-full-url=\"http:\/\/www.livemag.it\/wp-content\/uploads\/2021\/11\/Eliana-Moise-Miss-Valle-dAosta-2021-scaled.jpg\" data-link=\"https:\/\/www.livemag.it\/?attachment_id=16198\" class=\"wp-image-16198\" srcset=\"https:\/\/www.livemag.it\/wp-content\/uploads\/2021\/11\/Eliana-Moise-Miss-Valle-dAosta-2021-768x1024.jpg 768w, https:\/\/www.livemag.it\/wp-content\/uploads\/2021\/11\/Eliana-Moise-Miss-Valle-dAosta-2021-225x300.jpg 225w, https:\/\/www.livemag.it\/wp-content\/uploads\/2021\/11\/Eliana-Moise-Miss-Valle-dAosta-2021-1152x1536.jpg 1152w, https:\/\/www.livemag.it\/wp-content\/uploads\/2021\/11\/Eliana-Moise-Miss-Valle-dAosta-2021-1536x2048.jpg 1536w, https:\/\/www.livemag.it\/wp-content\/uploads\/2021\/11\/Eliana-Moise-Miss-Valle-dAosta-2021-scaled.jpg 1920w\" sizes=\"(max-width: 768px) 100vw, 768px\" \/><\/a><\/figure><\/li><li class=\"blocks-gallery-item\"><figure><a href=\"http:\/\/www.livemag.it\/wp-content\/uploads\/2021\/11\/Erika-Russo-Miss-Sport-Piemonte-e-VdA.jpg\"><img decoding=\"async\" width=\"768\" height=\"1024\" src=\"http:\/\/www.livemag.it\/wp-content\/uploads\/2021\/11\/Erika-Russo-Miss-Sport-Piemonte-e-VdA-768x1024.jpg\" alt=\"\" data-id=\"16199\" data-full-url=\"http:\/\/www.livemag.it\/wp-content\/uploads\/2021\/11\/Erika-Russo-Miss-Sport-Piemonte-e-VdA.jpg\" data-link=\"https:\/\/www.livemag.it\/?attachment_id=16199\" class=\"wp-image-16199\" srcset=\"https:\/\/www.livemag.it\/wp-content\/uploads\/2021\/11\/Erika-Russo-Miss-Sport-Piemonte-e-VdA-768x1025.jpg 768w, https:\/\/www.livemag.it\/wp-content\/uploads\/2021\/11\/Erika-Russo-Miss-Sport-Piemonte-e-VdA-225x300.jpg 225w, https:\/\/www.livemag.it\/wp-content\/uploads\/2021\/11\/Erika-Russo-Miss-Sport-Piemonte-e-VdA.jpg 775w\" sizes=\"(max-width: 768px) 100vw, 768px\" \/><\/a><\/figure><\/li><li class=\"blocks-gallery-item\"><figure><a href=\"http:\/\/www.livemag.it\/wp-content\/uploads\/2021\/11\/Francesca-Bessone-Miss-Sorriso-Piemonte-e-VdA.jpg\"><img loading=\"lazy\" decoding=\"async\" width=\"768\" height=\"1024\" src=\"http:\/\/www.livemag.it\/wp-content\/uploads\/2021\/11\/Francesca-Bessone-Miss-Sorriso-Piemonte-e-VdA-768x1024.jpg\" alt=\"\" data-id=\"16200\" data-full-url=\"http:\/\/www.livemag.it\/wp-content\/uploads\/2021\/11\/Francesca-Bessone-Miss-Sorriso-Piemonte-e-VdA.jpg\" data-link=\"https:\/\/www.livemag.it\/?attachment_id=16200\" class=\"wp-image-16200\" srcset=\"https:\/\/www.livemag.it\/wp-content\/uploads\/2021\/11\/Francesca-Bessone-Miss-Sorriso-Piemonte-e-VdA-768x1024.jpg 768w, https:\/\/www.livemag.it\/wp-content\/uploads\/2021\/11\/Francesca-Bessone-Miss-Sorriso-Piemonte-e-VdA-225x300.jpg 225w, https:\/\/www.livemag.it\/wp-content\/uploads\/2021\/11\/Francesca-Bessone-Miss-Sorriso-Piemonte-e-VdA.jpg 900w\" sizes=\"(max-width: 768px) 100vw, 768px\" \/><\/a><\/figure><\/li><li class=\"blocks-gallery-item\"><figure><a href=\"http:\/\/www.livemag.it\/wp-content\/uploads\/2021\/11\/Irene-Motto-Ros-Miss-Miluna-Piemonte-e-VdA.jpg\"><img loading=\"lazy\" decoding=\"async\" width=\"768\" height=\"1024\" src=\"http:\/\/www.livemag.it\/wp-content\/uploads\/2021\/11\/Irene-Motto-Ros-Miss-Miluna-Piemonte-e-VdA-768x1024.jpg\" alt=\"\" data-id=\"16201\" data-full-url=\"http:\/\/www.livemag.it\/wp-content\/uploads\/2021\/11\/Irene-Motto-Ros-Miss-Miluna-Piemonte-e-VdA.jpg\" data-link=\"https:\/\/www.livemag.it\/?attachment_id=16201\" class=\"wp-image-16201\" srcset=\"https:\/\/www.livemag.it\/wp-content\/uploads\/2021\/11\/Irene-Motto-Ros-Miss-Miluna-Piemonte-e-VdA-768x1024.jpg 768w, https:\/\/www.livemag.it\/wp-content\/uploads\/2021\/11\/Irene-Motto-Ros-Miss-Miluna-Piemonte-e-VdA-225x300.jpg 225w, https:\/\/www.livemag.it\/wp-content\/uploads\/2021\/11\/Irene-Motto-Ros-Miss-Miluna-Piemonte-e-VdA.jpg 832w\" sizes=\"(max-width: 768px) 100vw, 768px\" \/><\/a><\/figure><\/li><li class=\"blocks-gallery-item\"><figure><a href=\"http:\/\/www.livemag.it\/wp-content\/uploads\/2021\/11\/le-9-finaliste-piemontesi-e-valdostane.jpg\"><img loading=\"lazy\" decoding=\"async\" width=\"1024\" height=\"652\" src=\"http:\/\/www.livemag.it\/wp-content\/uploads\/2021\/11\/le-9-finaliste-piemontesi-e-valdostane-1024x652.jpg\" alt=\"\" data-id=\"16202\" data-full-url=\"http:\/\/www.livemag.it\/wp-content\/uploads\/2021\/11\/le-9-finaliste-piemontesi-e-valdostane.jpg\" data-link=\"https:\/\/www.livemag.it\/?attachment_id=16202\" class=\"wp-image-16202\" srcset=\"https:\/\/www.livemag.it\/wp-content\/uploads\/2021\/11\/le-9-finaliste-piemontesi-e-valdostane-1024x652.jpg 1024w, https:\/\/www.livemag.it\/wp-content\/uploads\/2021\/11\/le-9-finaliste-piemontesi-e-valdostane-300x191.jpg 300w, https:\/\/www.livemag.it\/wp-content\/uploads\/2021\/11\/le-9-finaliste-piemontesi-e-valdostane-768x489.jpg 768w, https:\/\/www.livemag.it\/wp-content\/uploads\/2021\/11\/le-9-finaliste-piemontesi-e-valdostane.jpg 1200w\" sizes=\"(max-width: 1024px) 100vw, 1024px\" \/><\/a><\/figure><\/li><li class=\"blocks-gallery-item\"><figure><a href=\"http:\/\/www.livemag.it\/wp-content\/uploads\/2021\/11\/Masiel-Tomalino-Miss-Piemonte-2021-scaled.jpg\"><img loading=\"lazy\" decoding=\"async\" width=\"768\" height=\"1024\" src=\"http:\/\/www.livemag.it\/wp-content\/uploads\/2021\/11\/Masiel-Tomalino-Miss-Piemonte-2021-768x1024.jpg\" alt=\"\" data-id=\"16203\" data-full-url=\"http:\/\/www.livemag.it\/wp-content\/uploads\/2021\/11\/Masiel-Tomalino-Miss-Piemonte-2021-scaled.jpg\" data-link=\"https:\/\/www.livemag.it\/?attachment_id=16203\" class=\"wp-image-16203\" srcset=\"https:\/\/www.livemag.it\/wp-content\/uploads\/2021\/11\/Masiel-Tomalino-Miss-Piemonte-2021-768x1024.jpg 768w, https:\/\/www.livemag.it\/wp-content\/uploads\/2021\/11\/Masiel-Tomalino-Miss-Piemonte-2021-225x300.jpg 225w, https:\/\/www.livemag.it\/wp-content\/uploads\/2021\/11\/Masiel-Tomalino-Miss-Piemonte-2021-1152x1536.jpg 1152w, https:\/\/www.livemag.it\/wp-content\/uploads\/2021\/11\/Masiel-Tomalino-Miss-Piemonte-2021-1536x2048.jpg 1536w, https:\/\/www.livemag.it\/wp-content\/uploads\/2021\/11\/Masiel-Tomalino-Miss-Piemonte-2021-scaled.jpg 1920w\" sizes=\"(max-width: 768px) 100vw, 768px\" \/><\/a><\/figure><\/li><li class=\"blocks-gallery-item\"><figure><a href=\"http:\/\/www.livemag.it\/wp-content\/uploads\/2021\/11\/Rebecca-Arnone-Miss-Cinema-Piemonte-e-VdA.jpeg\"><img loading=\"lazy\" decoding=\"async\" width=\"768\" height=\"1024\" src=\"http:\/\/www.livemag.it\/wp-content\/uploads\/2021\/11\/Rebecca-Arnone-Miss-Cinema-Piemonte-e-VdA-768x1024.jpeg\" alt=\"\" data-id=\"16204\" data-full-url=\"http:\/\/www.livemag.it\/wp-content\/uploads\/2021\/11\/Rebecca-Arnone-Miss-Cinema-Piemonte-e-VdA.jpeg\" data-link=\"https:\/\/www.livemag.it\/?attachment_id=16204\" class=\"wp-image-16204\" srcset=\"https:\/\/www.livemag.it\/wp-content\/uploads\/2021\/11\/Rebecca-Arnone-Miss-Cinema-Piemonte-e-VdA-768x1024.jpeg 768w, https:\/\/www.livemag.it\/wp-content\/uploads\/2021\/11\/Rebecca-Arnone-Miss-Cinema-Piemonte-e-VdA-225x300.jpeg 225w, https:\/\/www.livemag.it\/wp-content\/uploads\/2021\/11\/Rebecca-Arnone-Miss-Cinema-Piemonte-e-VdA-1152x1536.jpeg 1152w, https:\/\/www.livemag.it\/wp-content\/uploads\/2021\/11\/Rebecca-Arnone-Miss-Cinema-Piemonte-e-VdA.jpeg 1536w\" sizes=\"(max-width: 768px) 100vw, 768px\" \/><\/a><\/figure><\/li><li class=\"blocks-gallery-item\"><figure><a href=\"http:\/\/www.livemag.it\/wp-content\/uploads\/2021\/11\/Sakina-El-Kabbouri-Miss-Eleganza-Piemonte-e-VdA.jpg\"><img loading=\"lazy\" decoding=\"async\" width=\"768\" height=\"1024\" src=\"http:\/\/www.livemag.it\/wp-content\/uploads\/2021\/11\/Sakina-El-Kabbouri-Miss-Eleganza-Piemonte-e-VdA-768x1024.jpg\" alt=\"\" data-id=\"16205\" data-full-url=\"http:\/\/www.livemag.it\/wp-content\/uploads\/2021\/11\/Sakina-El-Kabbouri-Miss-Eleganza-Piemonte-e-VdA.jpg\" data-link=\"https:\/\/www.livemag.it\/?attachment_id=16205\" class=\"wp-image-16205\" srcset=\"https:\/\/www.livemag.it\/wp-content\/uploads\/2021\/11\/Sakina-El-Kabbouri-Miss-Eleganza-Piemonte-e-VdA-768x1025.jpg 768w, https:\/\/www.livemag.it\/wp-content\/uploads\/2021\/11\/Sakina-El-Kabbouri-Miss-Eleganza-Piemonte-e-VdA-225x300.jpg 225w, https:\/\/www.livemag.it\/wp-content\/uploads\/2021\/11\/Sakina-El-Kabbouri-Miss-Eleganza-Piemonte-e-VdA.jpg 820w\" sizes=\"(max-width: 768px) 100vw, 768px\" \/><\/a><\/figure><\/li><li class=\"blocks-gallery-item\"><figure><a href=\"http:\/\/www.livemag.it\/wp-content\/uploads\/2021\/11\/Sara-Cordone-Miss-Rocchetta-Bellezza-Piemonte-e-VdA.jpg\"><img loading=\"lazy\" decoding=\"async\" width=\"582\" height=\"776\" src=\"http:\/\/www.livemag.it\/wp-content\/uploads\/2021\/11\/Sara-Cordone-Miss-Rocchetta-Bellezza-Piemonte-e-VdA.jpg\" alt=\"\" data-id=\"16206\" data-full-url=\"http:\/\/www.livemag.it\/wp-content\/uploads\/2021\/11\/Sara-Cordone-Miss-Rocchetta-Bellezza-Piemonte-e-VdA.jpg\" data-link=\"https:\/\/www.livemag.it\/?attachment_id=16206\" class=\"wp-image-16206\" srcset=\"https:\/\/www.livemag.it\/wp-content\/uploads\/2021\/11\/Sara-Cordone-Miss-Rocchetta-Bellezza-Piemonte-e-VdA.jpg 582w, https:\/\/www.livemag.it\/wp-content\/uploads\/2021\/11\/Sara-Cordone-Miss-Rocchetta-Bellezza-Piemonte-e-VdA-225x300.jpg 225w\" sizes=\"(max-width: 582px) 100vw, 582px\" \/><\/a><\/figure><\/li><\/ul><\/figure>\n","protected":false},"excerpt":{"rendered":"<p>Ecco le 9 miss che rappresenteranno il Piemonte e la Valle d&#8217;Aosta alle prefinali nazionali di Miss Italia, in programma domani e dopodomani a Roma. Finalmente le ragazze valdostane tornano in prefinale nazionale: quest&#8217;anno ce ne sono due, Miss Valle d&#8217;Aosta Eliana Moise e Miss Miluna Piemonte e Valle d&#8217;Aosta Irene Motto Ros, entrambe studentesse [&hellip;]<\/p>\n","protected":false},"author":1,"featured_media":16202,"comment_status":"open","ping_status":"open","sticky":false,"template":"","format":"standard","meta":{"jnews-multi-image_gallery":[],"jnews_single_post":[],"jnews_primary_category":[],"jnews_social_meta":[],"jnews_override_counter":[],"jnews_post_split":[],"footnotes":""},"categories":[4,9,2,113],"tags":[],"class_list":["post-16196","post","type-post","status-publish","format-standard","has-post-thumbnail","hentry","category-alessandrialive","category-costume-e-societa","category-livepeople","category-novaralive"],"yoast_head":"<!-- This site is optimized with the Yoast SEO plugin v27.5 - https:\/\/yoast.com\/product\/yoast-seo-wordpress\/ -->\n<title>Ecco le pi\u00f9 belle del Piemonte - Live Magazine<\/title>\n<meta name=\"robots\" content=\"index, follow, max-snippet:-1, max-image-preview:large, max-video-preview:-1\" \/>\n<link rel=\"canonical\" href=\"https:\/\/www.livemag.it\/index.php\/2021\/11\/29\/ecco-le-piu-belle-del-piemonte\/\" \/>\n<meta property=\"og:locale\" content=\"it_IT\" \/>\n<meta property=\"og:type\" content=\"article\" \/>\n<meta property=\"og:title\" content=\"Ecco le pi\u00f9 belle del Piemonte - Live Magazine\" \/>\n<meta property=\"og:description\" content=\"Ecco le 9 miss che rappresenteranno il Piemonte e la Valle d&#8217;Aosta alle prefinali nazionali di Miss Italia, in programma domani e dopodomani a Roma. Finalmente le ragazze valdostane tornano in prefinale nazionale: quest&#8217;anno ce ne sono due, Miss Valle d&#8217;Aosta Eliana Moise e Miss Miluna Piemonte e Valle d&#8217;Aosta Irene Motto Ros, entrambe studentesse [&hellip;]\" \/>\n<meta property=\"og:url\" content=\"https:\/\/www.livemag.it\/index.php\/2021\/11\/29\/ecco-le-piu-belle-del-piemonte\/\" \/>\n<meta property=\"og:site_name\" content=\"Live Magazine\" \/>\n<meta property=\"article:publisher\" content=\"https:\/\/www.facebook.com\/LiveMag\/\" \/>\n<meta property=\"article:published_time\" content=\"2021-11-29T19:36:59+00:00\" \/>\n<meta property=\"article:modified_time\" content=\"2021-11-29T19:37:02+00:00\" \/>\n<meta property=\"og:image\" content=\"https:\/\/www.livemag.it\/wp-content\/uploads\/2021\/11\/le-9-finaliste-piemontesi-e-valdostane.jpg\" \/>\n\t<meta property=\"og:image:width\" content=\"1200\" \/>\n\t<meta property=\"og:image:height\" content=\"764\" \/>\n\t<meta property=\"og:image:type\" content=\"image\/jpeg\" \/>\n<meta name=\"author\" content=\"Redazione\" \/>\n<meta name=\"twitter:card\" content=\"summary_large_image\" \/>\n<meta name=\"twitter:creator\" content=\"@LiveNotizie\" \/>\n<meta name=\"twitter:site\" content=\"@LiveNotizie\" \/>\n<meta name=\"twitter:label1\" content=\"Scritto da\" \/>\n\t<meta name=\"twitter:data1\" content=\"Redazione\" \/>\n\t<meta name=\"twitter:label2\" content=\"Tempo di lettura stimato\" \/>\n\t<meta name=\"twitter:data2\" content=\"5 minuti\" \/>\n<script type=\"application\/ld+json\" class=\"yoast-schema-graph\">{\"@context\":\"https:\\\/\\\/schema.org\",\"@graph\":[{\"@type\":\"Article\",\"@id\":\"https:\\\/\\\/www.livemag.it\\\/index.php\\\/2021\\\/11\\\/29\\\/ecco-le-piu-belle-del-piemonte\\\/#article\",\"isPartOf\":{\"@id\":\"https:\\\/\\\/www.livemag.it\\\/index.php\\\/2021\\\/11\\\/29\\\/ecco-le-piu-belle-del-piemonte\\\/\"},\"author\":{\"name\":\"Redazione\",\"@id\":\"https:\\\/\\\/www.livemag.it\\\/#\\\/schema\\\/person\\\/7191e402a6eb1110174f9d71f53edea9\"},\"headline\":\"Ecco le pi\u00f9 belle del Piemonte\",\"datePublished\":\"2021-11-29T19:36:59+00:00\",\"dateModified\":\"2021-11-29T19:37:02+00:00\",\"mainEntityOfPage\":{\"@id\":\"https:\\\/\\\/www.livemag.it\\\/index.php\\\/2021\\\/11\\\/29\\\/ecco-le-piu-belle-del-piemonte\\\/\"},\"wordCount\":451,\"commentCount\":0,\"publisher\":{\"@id\":\"https:\\\/\\\/www.livemag.it\\\/#organization\"},\"image\":{\"@id\":\"https:\\\/\\\/www.livemag.it\\\/index.php\\\/2021\\\/11\\\/29\\\/ecco-le-piu-belle-del-piemonte\\\/#primaryimage\"},\"thumbnailUrl\":\"https:\\\/\\\/www.livemag.it\\\/wp-content\\\/uploads\\\/2021\\\/11\\\/le-9-finaliste-piemontesi-e-valdostane.jpg\",\"articleSection\":[\"AlessandriaLive\",\"Costume e Societ\u00e0\",\"LivePeople\",\"NovaraLive\"],\"inLanguage\":\"it-IT\",\"potentialAction\":[{\"@type\":\"CommentAction\",\"name\":\"Comment\",\"target\":[\"https:\\\/\\\/www.livemag.it\\\/index.php\\\/2021\\\/11\\\/29\\\/ecco-le-piu-belle-del-piemonte\\\/#respond\"]}]},{\"@type\":\"WebPage\",\"@id\":\"https:\\\/\\\/www.livemag.it\\\/index.php\\\/2021\\\/11\\\/29\\\/ecco-le-piu-belle-del-piemonte\\\/\",\"url\":\"https:\\\/\\\/www.livemag.it\\\/index.php\\\/2021\\\/11\\\/29\\\/ecco-le-piu-belle-del-piemonte\\\/\",\"name\":\"Ecco le pi\u00f9 belle del Piemonte - Live Magazine\",\"isPartOf\":{\"@id\":\"https:\\\/\\\/www.livemag.it\\\/#website\"},\"primaryImageOfPage\":{\"@id\":\"https:\\\/\\\/www.livemag.it\\\/index.php\\\/2021\\\/11\\\/29\\\/ecco-le-piu-belle-del-piemonte\\\/#primaryimage\"},\"image\":{\"@id\":\"https:\\\/\\\/www.livemag.it\\\/index.php\\\/2021\\\/11\\\/29\\\/ecco-le-piu-belle-del-piemonte\\\/#primaryimage\"},\"thumbnailUrl\":\"https:\\\/\\\/www.livemag.it\\\/wp-content\\\/uploads\\\/2021\\\/11\\\/le-9-finaliste-piemontesi-e-valdostane.jpg\",\"datePublished\":\"2021-11-29T19:36:59+00:00\",\"dateModified\":\"2021-11-29T19:37:02+00:00\",\"breadcrumb\":{\"@id\":\"https:\\\/\\\/www.livemag.it\\\/index.php\\\/2021\\\/11\\\/29\\\/ecco-le-piu-belle-del-piemonte\\\/#breadcrumb\"},\"inLanguage\":\"it-IT\",\"potentialAction\":[{\"@type\":\"ReadAction\",\"target\":[\"https:\\\/\\\/www.livemag.it\\\/index.php\\\/2021\\\/11\\\/29\\\/ecco-le-piu-belle-del-piemonte\\\/\"]}]},{\"@type\":\"ImageObject\",\"inLanguage\":\"it-IT\",\"@id\":\"https:\\\/\\\/www.livemag.it\\\/index.php\\\/2021\\\/11\\\/29\\\/ecco-le-piu-belle-del-piemonte\\\/#primaryimage\",\"url\":\"https:\\\/\\\/www.livemag.it\\\/wp-content\\\/uploads\\\/2021\\\/11\\\/le-9-finaliste-piemontesi-e-valdostane.jpg\",\"contentUrl\":\"https:\\\/\\\/www.livemag.it\\\/wp-content\\\/uploads\\\/2021\\\/11\\\/le-9-finaliste-piemontesi-e-valdostane.jpg\",\"width\":1200,\"height\":764},{\"@type\":\"BreadcrumbList\",\"@id\":\"https:\\\/\\\/www.livemag.it\\\/index.php\\\/2021\\\/11\\\/29\\\/ecco-le-piu-belle-del-piemonte\\\/#breadcrumb\",\"itemListElement\":[{\"@type\":\"ListItem\",\"position\":1,\"name\":\"Home\",\"item\":\"https:\\\/\\\/www.livemag.it\\\/\"},{\"@type\":\"ListItem\",\"position\":2,\"name\":\"Ecco le pi\u00f9 belle del Piemonte\"}]},{\"@type\":\"WebSite\",\"@id\":\"https:\\\/\\\/www.livemag.it\\\/#website\",\"url\":\"https:\\\/\\\/www.livemag.it\\\/\",\"name\":\"Live Magazine\",\"description\":\"Varie ed eventi\",\"publisher\":{\"@id\":\"https:\\\/\\\/www.livemag.it\\\/#organization\"},\"potentialAction\":[{\"@type\":\"SearchAction\",\"target\":{\"@type\":\"EntryPoint\",\"urlTemplate\":\"https:\\\/\\\/www.livemag.it\\\/?s={search_term_string}\"},\"query-input\":{\"@type\":\"PropertyValueSpecification\",\"valueRequired\":true,\"valueName\":\"search_term_string\"}}],\"inLanguage\":\"it-IT\"},{\"@type\":\"Organization\",\"@id\":\"https:\\\/\\\/www.livemag.it\\\/#organization\",\"name\":\"LiveMag\",\"alternateName\":\"LiveMag News ed eventi\",\"url\":\"https:\\\/\\\/www.livemag.it\\\/\",\"logo\":{\"@type\":\"ImageObject\",\"inLanguage\":\"it-IT\",\"@id\":\"https:\\\/\\\/www.livemag.it\\\/#\\\/schema\\\/logo\\\/image\\\/\",\"url\":\"https:\\\/\\\/www.livemag.it\\\/wp-content\\\/uploads\\\/2024\\\/02\\\/immagine-sito.jpg\",\"contentUrl\":\"https:\\\/\\\/www.livemag.it\\\/wp-content\\\/uploads\\\/2024\\\/02\\\/immagine-sito.jpg\",\"width\":696,\"height\":696,\"caption\":\"LiveMag\"},\"image\":{\"@id\":\"https:\\\/\\\/www.livemag.it\\\/#\\\/schema\\\/logo\\\/image\\\/\"},\"sameAs\":[\"https:\\\/\\\/www.facebook.com\\\/LiveMag\\\/\",\"https:\\\/\\\/x.com\\\/LiveNotizie\",\"https:\\\/\\\/www.instagram.com\\\/livemag\\\/\"]},{\"@type\":\"Person\",\"@id\":\"https:\\\/\\\/www.livemag.it\\\/#\\\/schema\\\/person\\\/7191e402a6eb1110174f9d71f53edea9\",\"name\":\"Redazione\",\"image\":{\"@type\":\"ImageObject\",\"inLanguage\":\"it-IT\",\"@id\":\"https:\\\/\\\/secure.gravatar.com\\\/avatar\\\/b20eb33510695f1259c3f61c8dfc966b174a5d33f605fb2d514d9b271222597e?s=96&r=g\",\"url\":\"https:\\\/\\\/secure.gravatar.com\\\/avatar\\\/b20eb33510695f1259c3f61c8dfc966b174a5d33f605fb2d514d9b271222597e?s=96&r=g\",\"contentUrl\":\"https:\\\/\\\/secure.gravatar.com\\\/avatar\\\/b20eb33510695f1259c3f61c8dfc966b174a5d33f605fb2d514d9b271222597e?s=96&r=g\",\"caption\":\"Redazione\"},\"url\":\"https:\\\/\\\/www.livemag.it\\\/index.php\\\/author\\\/admin6640\\\/\"}]}<\/script>\n<!-- \/ Yoast SEO plugin. -->","yoast_head_json":{"title":"Ecco le pi\u00f9 belle del Piemonte - Live Magazine","robots":{"index":"index","follow":"follow","max-snippet":"max-snippet:-1","max-image-preview":"max-image-preview:large","max-video-preview":"max-video-preview:-1"},"canonical":"https:\/\/www.livemag.it\/index.php\/2021\/11\/29\/ecco-le-piu-belle-del-piemonte\/","og_locale":"it_IT","og_type":"article","og_title":"Ecco le pi\u00f9 belle del Piemonte - Live Magazine","og_description":"Ecco le 9 miss che rappresenteranno il Piemonte e la Valle d&#8217;Aosta alle prefinali nazionali di Miss Italia, in programma domani e dopodomani a Roma. Finalmente le ragazze valdostane tornano in prefinale nazionale: quest&#8217;anno ce ne sono due, Miss Valle d&#8217;Aosta Eliana Moise e Miss Miluna Piemonte e Valle d&#8217;Aosta Irene Motto Ros, entrambe studentesse [&hellip;]","og_url":"https:\/\/www.livemag.it\/index.php\/2021\/11\/29\/ecco-le-piu-belle-del-piemonte\/","og_site_name":"Live Magazine","article_publisher":"https:\/\/www.facebook.com\/LiveMag\/","article_published_time":"2021-11-29T19:36:59+00:00","article_modified_time":"2021-11-29T19:37:02+00:00","og_image":[{"width":1200,"height":764,"url":"https:\/\/www.livemag.it\/wp-content\/uploads\/2021\/11\/le-9-finaliste-piemontesi-e-valdostane.jpg","type":"image\/jpeg"}],"author":"Redazione","twitter_card":"summary_large_image","twitter_creator":"@LiveNotizie","twitter_site":"@LiveNotizie","twitter_misc":{"Scritto da":"Redazione","Tempo di lettura stimato":"5 minuti"},"schema":{"@context":"https:\/\/schema.org","@graph":[{"@type":"Article","@id":"https:\/\/www.livemag.it\/index.php\/2021\/11\/29\/ecco-le-piu-belle-del-piemonte\/#article","isPartOf":{"@id":"https:\/\/www.livemag.it\/index.php\/2021\/11\/29\/ecco-le-piu-belle-del-piemonte\/"},"author":{"name":"Redazione","@id":"https:\/\/www.livemag.it\/#\/schema\/person\/7191e402a6eb1110174f9d71f53edea9"},"headline":"Ecco le pi\u00f9 belle del Piemonte","datePublished":"2021-11-29T19:36:59+00:00","dateModified":"2021-11-29T19:37:02+00:00","mainEntityOfPage":{"@id":"https:\/\/www.livemag.it\/index.php\/2021\/11\/29\/ecco-le-piu-belle-del-piemonte\/"},"wordCount":451,"commentCount":0,"publisher":{"@id":"https:\/\/www.livemag.it\/#organization"},"image":{"@id":"https:\/\/www.livemag.it\/index.php\/2021\/11\/29\/ecco-le-piu-belle-del-piemonte\/#primaryimage"},"thumbnailUrl":"https:\/\/www.livemag.it\/wp-content\/uploads\/2021\/11\/le-9-finaliste-piemontesi-e-valdostane.jpg","articleSection":["AlessandriaLive","Costume e Societ\u00e0","LivePeople","NovaraLive"],"inLanguage":"it-IT","potentialAction":[{"@type":"CommentAction","name":"Comment","target":["https:\/\/www.livemag.it\/index.php\/2021\/11\/29\/ecco-le-piu-belle-del-piemonte\/#respond"]}]},{"@type":"WebPage","@id":"https:\/\/www.livemag.it\/index.php\/2021\/11\/29\/ecco-le-piu-belle-del-piemonte\/","url":"https:\/\/www.livemag.it\/index.php\/2021\/11\/29\/ecco-le-piu-belle-del-piemonte\/","name":"Ecco le pi\u00f9 belle del Piemonte - Live Magazine","isPartOf":{"@id":"https:\/\/www.livemag.it\/#website"},"primaryImageOfPage":{"@id":"https:\/\/www.livemag.it\/index.php\/2021\/11\/29\/ecco-le-piu-belle-del-piemonte\/#primaryimage"},"image":{"@id":"https:\/\/www.livemag.it\/index.php\/2021\/11\/29\/ecco-le-piu-belle-del-piemonte\/#primaryimage"},"thumbnailUrl":"https:\/\/www.livemag.it\/wp-content\/uploads\/2021\/11\/le-9-finaliste-piemontesi-e-valdostane.jpg","datePublished":"2021-11-29T19:36:59+00:00","dateModified":"2021-11-29T19:37:02+00:00","breadcrumb":{"@id":"https:\/\/www.livemag.it\/index.php\/2021\/11\/29\/ecco-le-piu-belle-del-piemonte\/#breadcrumb"},"inLanguage":"it-IT","potentialAction":[{"@type":"ReadAction","target":["https:\/\/www.livemag.it\/index.php\/2021\/11\/29\/ecco-le-piu-belle-del-piemonte\/"]}]},{"@type":"ImageObject","inLanguage":"it-IT","@id":"https:\/\/www.livemag.it\/index.php\/2021\/11\/29\/ecco-le-piu-belle-del-piemonte\/#primaryimage","url":"https:\/\/www.livemag.it\/wp-content\/uploads\/2021\/11\/le-9-finaliste-piemontesi-e-valdostane.jpg","contentUrl":"https:\/\/www.livemag.it\/wp-content\/uploads\/2021\/11\/le-9-finaliste-piemontesi-e-valdostane.jpg","width":1200,"height":764},{"@type":"BreadcrumbList","@id":"https:\/\/www.livemag.it\/index.php\/2021\/11\/29\/ecco-le-piu-belle-del-piemonte\/#breadcrumb","itemListElement":[{"@type":"ListItem","position":1,"name":"Home","item":"https:\/\/www.livemag.it\/"},{"@type":"ListItem","position":2,"name":"Ecco le pi\u00f9 belle del Piemonte"}]},{"@type":"WebSite","@id":"https:\/\/www.livemag.it\/#website","url":"https:\/\/www.livemag.it\/","name":"Live Magazine","description":"Varie ed eventi","publisher":{"@id":"https:\/\/www.livemag.it\/#organization"},"potentialAction":[{"@type":"SearchAction","target":{"@type":"EntryPoint","urlTemplate":"https:\/\/www.livemag.it\/?s={search_term_string}"},"query-input":{"@type":"PropertyValueSpecification","valueRequired":true,"valueName":"search_term_string"}}],"inLanguage":"it-IT"},{"@type":"Organization","@id":"https:\/\/www.livemag.it\/#organization","name":"LiveMag","alternateName":"LiveMag News ed eventi","url":"https:\/\/www.livemag.it\/","logo":{"@type":"ImageObject","inLanguage":"it-IT","@id":"https:\/\/www.livemag.it\/#\/schema\/logo\/image\/","url":"https:\/\/www.livemag.it\/wp-content\/uploads\/2024\/02\/immagine-sito.jpg","contentUrl":"https:\/\/www.livemag.it\/wp-content\/uploads\/2024\/02\/immagine-sito.jpg","width":696,"height":696,"caption":"LiveMag"},"image":{"@id":"https:\/\/www.livemag.it\/#\/schema\/logo\/image\/"},"sameAs":["https:\/\/www.facebook.com\/LiveMag\/","https:\/\/x.com\/LiveNotizie","https:\/\/www.instagram.com\/livemag\/"]},{"@type":"Person","@id":"https:\/\/www.livemag.it\/#\/schema\/person\/7191e402a6eb1110174f9d71f53edea9","name":"Redazione","image":{"@type":"ImageObject","inLanguage":"it-IT","@id":"https:\/\/secure.gravatar.com\/avatar\/b20eb33510695f1259c3f61c8dfc966b174a5d33f605fb2d514d9b271222597e?s=96&r=g","url":"https:\/\/secure.gravatar.com\/avatar\/b20eb33510695f1259c3f61c8dfc966b174a5d33f605fb2d514d9b271222597e?s=96&r=g","contentUrl":"https:\/\/secure.gravatar.com\/avatar\/b20eb33510695f1259c3f61c8dfc966b174a5d33f605fb2d514d9b271222597e?s=96&r=g","caption":"Redazione"},"url":"https:\/\/www.livemag.it\/index.php\/author\/admin6640\/"}]}},"jetpack_featured_media_url":"https:\/\/www.livemag.it\/wp-content\/uploads\/2021\/11\/le-9-finaliste-piemontesi-e-valdostane.jpg","_links":{"self":[{"href":"https:\/\/www.livemag.it\/index.php\/wp-json\/wp\/v2\/posts\/16196","targetHints":{"allow":["GET"]}}],"collection":[{"href":"https:\/\/www.livemag.it\/index.php\/wp-json\/wp\/v2\/posts"}],"about":[{"href":"https:\/\/www.livemag.it\/index.php\/wp-json\/wp\/v2\/types\/post"}],"author":[{"embeddable":true,"href":"https:\/\/www.livemag.it\/index.php\/wp-json\/wp\/v2\/users\/1"}],"replies":[{"embeddable":true,"href":"https:\/\/www.livemag.it\/index.php\/wp-json\/wp\/v2\/comments?post=16196"}],"version-history":[{"count":1,"href":"https:\/\/www.livemag.it\/index.php\/wp-json\/wp\/v2\/posts\/16196\/revisions"}],"predecessor-version":[{"id":16207,"href":"https:\/\/www.livemag.it\/index.php\/wp-json\/wp\/v2\/posts\/16196\/revisions\/16207"}],"wp:featuredmedia":[{"embeddable":true,"href":"https:\/\/www.livemag.it\/index.php\/wp-json\/wp\/v2\/media\/16202"}],"wp:attachment":[{"href":"https:\/\/www.livemag.it\/index.php\/wp-json\/wp\/v2\/media?parent=16196"}],"wp:term":[{"taxonomy":"category","embeddable":true,"href":"https:\/\/www.livemag.it\/index.php\/wp-json\/wp\/v2\/categories?post=16196"},{"taxonomy":"post_tag","embeddable":true,"href":"https:\/\/www.livemag.it\/index.php\/wp-json\/wp\/v2\/tags?post=16196"}],"curies":[{"name":"wp","href":"https:\/\/api.w.org\/{rel}","templated":true}]}}