{"id":15966,"date":"2021-11-02T11:38:28","date_gmt":"2021-11-02T10:38:28","guid":{"rendered":"https:\/\/www.livemag.it\/?p=15966"},"modified":"2021-11-02T11:38:31","modified_gmt":"2021-11-02T10:38:31","slug":"conferenza-internazionale-in-occasione-delle-celebrazioni-per-il-450-anniversario-di-benvenuto-cellini","status":"publish","type":"post","link":"https:\/\/www.livemag.it\/index.php\/2021\/11\/02\/conferenza-internazionale-in-occasione-delle-celebrazioni-per-il-450-anniversario-di-benvenuto-cellini\/","title":{"rendered":"Conferenza Internazionale in occasione delle celebrazioni per il 450\u00b0 Anniversario di Benvenuto Cellini"},"content":{"rendered":"\n<p>In occasione della nascita di Benvenuto Cellini e a 450 anni dalla scomparsa del grande<br>scultore ed orafo fiorentino, la citt\u00e0 di Verona, con il Patrocinio della Regione del<br>Veneto, rende omaggio ad uno dei pi\u00f9 noti rappresentanti della scultura manierista italiana.<\/p>\n\n\n\n<p><strong>Mercoled\u00ec 3 novembre alle ore 17.00<\/strong> avr\u00e0 luogo all\u2019interno della <em>Sala Convegni del Palazzo<br>di Gran Guardia di Verona <\/em>un Convegno Internazionale curato da <em>Annalisa Di Maria<\/em> e<br><em>Andrea da Montefeltro<\/em>, membri della Commissione di esperti di Arte e Letteratura del<br>Centro UNESCO di Firenze con la partecipazione e collaborazione del Club per<br>L\u2019UNESCO di Verona.<\/p>\n\n\n\n<figure class=\"wp-block-image size-large\"><img decoding=\"async\" src=\"http:\/\/www.livemag.it\/wp-content\/uploads\/2021\/11\/Locandina-Benveuto-Cellini-724x1024.jpg\" alt=\"\" class=\"wp-image-15968\"\/><\/figure>\n\n\n\n<p>Dell\u2019 \u201corafo sanguinario\u201d, autore della celebre Saliera di Francesco I di Francia, nonch\u00e9 del<br>bronzeo Perseo con la testa di Medusa, capolavoro della scultura manierista italiana, e dell\u2019<br>autobiografia La Vita di Benvenuto di Maestro Giovanni Cellini fiorentino, scritta, per lui medesimo, in<br>Firenze &#8211; uno dei saggi pi\u00f9 perspicaci della letteratura sulla vita quotidiana rinascimentale &#8211; verr\u00e0<br>per la prima volta svelato in Italia l\u2019 <strong><em>A u t o r i t r a t t o<\/em> , &#8211; olio su carta di cm 61&#215;48 &#8211; datato intorno<br>alla seconda met\u00e0 del Cinquecento. <\/strong><\/p>\n\n\n\n<figure class=\"wp-block-image size-full\"><img fetchpriority=\"high\" decoding=\"async\" width=\"588\" height=\"640\" src=\"http:\/\/www.livemag.it\/wp-content\/uploads\/2021\/11\/Benvenuto-Cellini.jpeg\" alt=\"\" class=\"wp-image-15967\" srcset=\"https:\/\/www.livemag.it\/wp-content\/uploads\/2021\/11\/Benvenuto-Cellini.jpeg 588w, https:\/\/www.livemag.it\/wp-content\/uploads\/2021\/11\/Benvenuto-Cellini-276x300.jpeg 276w\" sizes=\"(max-width: 588px) 100vw, 588px\" \/><\/figure>\n\n\n\n<p>Riapparsa nel mercato antiquariale parigino nel 2005, l\u2019opera \u00e8 rimasta sino ad oggi in<br>collezione privata e grazie alle analisi scientifiche \u2013 condotte da Silvain Brams nel<br>laboratorio dell\u2019Istituto d\u2019Arte di Conservazione e del Colore di Parigi (IACC) &#8211; e agli studi<br>critici condotti sull\u2019opera da Annalisa di Maria e Andrea da Montefeltro, nel corso di questi<br>quindici anni \u00e8 stato possibile attribuirne con certezza la paternit\u00e0 al grande Cellini, le cui<br>poche opere autografe sono oggi nei musei pi\u00f9 importanti del mondo, dal Kunsthistorisches<br>Museum di Vienna, agli Uffizi di Firenze, alla Biblioteca Reale di Torino.<br><br>La somiglianza fisica del Cellini \u00e8 stata, fino alla scoperta e allo studio del ritratto, dimenticata<br>nel tempo nonostante l\u2019artista toscano fece di tutto per rimanere nella memoria.<br>L\u2019A u t o r i t r a t t o dipinto, di grande valore storico artistico oltre che autobiografico &#8211;<br>rappresenta ad oggi l&#8217;unica opera d&#8217;arte pittorica sopravvissuta dell\u2019artista, la cui<br>fisionomia, ben nota attraverso il celebre affresco del soffitto di Giorgio Vasari a Palazzo<br>Vecchio di Firenze del 1563 \u00e8 di fondamentale importanza per l\u2019identificazione del volto<br>stesso del Cellini in alcune delle sue opere d\u2019arte pi\u00f9 note. <\/p>\n\n\n\n<p><strong><em>ENRICO SANTAMARIA aka SANTY<\/em><\/strong><\/p>\n","protected":false},"excerpt":{"rendered":"<p>In occasione della nascita di Benvenuto Cellini e a 450 anni dalla scomparsa del grandescultore ed orafo fiorentino, la citt\u00e0 di Verona, con il Patrocinio della Regione delVeneto, rende omaggio ad uno dei pi\u00f9 noti rappresentanti della scultura manierista italiana. Mercoled\u00ec 3 novembre alle ore 17.00 avr\u00e0 luogo all\u2019interno della Sala Convegni del Palazzodi Gran [&hellip;]<\/p>\n","protected":false},"author":6,"featured_media":15968,"comment_status":"open","ping_status":"open","sticky":false,"template":"","format":"standard","meta":{"jnews-multi-image_gallery":[],"jnews_single_post":[],"jnews_primary_category":[],"jnews_social_meta":[],"jnews_override_counter":[],"jnews_post_split":[],"footnotes":""},"categories":[142,24],"tags":[841,840,838,207,842,839],"class_list":["post-15966","post","type-post","status-publish","format-standard","has-post-thumbnail","hentry","category-cultura-eventi","category-prima-pagina","tag-andreadamontefeltro","tag-annalisadimaria","tag-benedettocellini","tag-lajannapress","tag-lautoritratto","tag-verona"],"yoast_head":"<!-- This site is optimized with the Yoast SEO plugin v27.5 - https:\/\/yoast.com\/product\/yoast-seo-wordpress\/ -->\n<title>Conferenza Internazionale in occasione delle celebrazioni per il 450\u00b0 Anniversario di Benvenuto Cellini - Live Magazine<\/title>\n<meta name=\"robots\" content=\"index, follow, max-snippet:-1, max-image-preview:large, max-video-preview:-1\" \/>\n<link rel=\"canonical\" href=\"https:\/\/www.livemag.it\/index.php\/2021\/11\/02\/conferenza-internazionale-in-occasione-delle-celebrazioni-per-il-450-anniversario-di-benvenuto-cellini\/\" \/>\n<meta property=\"og:locale\" content=\"it_IT\" \/>\n<meta property=\"og:type\" content=\"article\" \/>\n<meta property=\"og:title\" content=\"Conferenza Internazionale in occasione delle celebrazioni per il 450\u00b0 Anniversario di Benvenuto Cellini - Live Magazine\" \/>\n<meta property=\"og:description\" content=\"In occasione della nascita di Benvenuto Cellini e a 450 anni dalla scomparsa del grandescultore ed orafo fiorentino, la citt\u00e0 di Verona, con il Patrocinio della Regione delVeneto, rende omaggio ad uno dei pi\u00f9 noti rappresentanti della scultura manierista italiana. Mercoled\u00ec 3 novembre alle ore 17.00 avr\u00e0 luogo all\u2019interno della Sala Convegni del Palazzodi Gran [&hellip;]\" \/>\n<meta property=\"og:url\" content=\"https:\/\/www.livemag.it\/index.php\/2021\/11\/02\/conferenza-internazionale-in-occasione-delle-celebrazioni-per-il-450-anniversario-di-benvenuto-cellini\/\" \/>\n<meta property=\"og:site_name\" content=\"Live Magazine\" \/>\n<meta property=\"article:publisher\" content=\"https:\/\/www.facebook.com\/LiveMag\/\" \/>\n<meta property=\"article:published_time\" content=\"2021-11-02T10:38:28+00:00\" \/>\n<meta property=\"article:modified_time\" content=\"2021-11-02T10:38:31+00:00\" \/>\n<meta property=\"og:image\" content=\"https:\/\/www.livemag.it\/wp-content\/uploads\/2021\/11\/Locandina-Benveuto-Cellini-scaled-e1635849480385.jpg\" \/>\n\t<meta property=\"og:image:width\" content=\"1811\" \/>\n\t<meta property=\"og:image:height\" content=\"960\" \/>\n\t<meta property=\"og:image:type\" content=\"image\/jpeg\" \/>\n<meta name=\"author\" content=\"Enrico Santamaria\" \/>\n<meta name=\"twitter:card\" content=\"summary_large_image\" \/>\n<meta name=\"twitter:creator\" content=\"@LiveNotizie\" \/>\n<meta name=\"twitter:site\" content=\"@LiveNotizie\" \/>\n<meta name=\"twitter:label1\" content=\"Scritto da\" \/>\n\t<meta name=\"twitter:data1\" content=\"Enrico Santamaria\" \/>\n\t<meta name=\"twitter:label2\" content=\"Tempo di lettura stimato\" \/>\n\t<meta name=\"twitter:data2\" content=\"3 minuti\" \/>\n<script type=\"application\/ld+json\" class=\"yoast-schema-graph\">{\"@context\":\"https:\\\/\\\/schema.org\",\"@graph\":[{\"@type\":\"Article\",\"@id\":\"https:\\\/\\\/www.livemag.it\\\/index.php\\\/2021\\\/11\\\/02\\\/conferenza-internazionale-in-occasione-delle-celebrazioni-per-il-450-anniversario-di-benvenuto-cellini\\\/#article\",\"isPartOf\":{\"@id\":\"https:\\\/\\\/www.livemag.it\\\/index.php\\\/2021\\\/11\\\/02\\\/conferenza-internazionale-in-occasione-delle-celebrazioni-per-il-450-anniversario-di-benvenuto-cellini\\\/\"},\"author\":{\"name\":\"Enrico Santamaria\",\"@id\":\"https:\\\/\\\/www.livemag.it\\\/#\\\/schema\\\/person\\\/eac39c35e128046ef29b7f0e4aba2063\"},\"headline\":\"Conferenza Internazionale in occasione delle celebrazioni per il 450\u00b0 Anniversario di Benvenuto Cellini\",\"datePublished\":\"2021-11-02T10:38:28+00:00\",\"dateModified\":\"2021-11-02T10:38:31+00:00\",\"mainEntityOfPage\":{\"@id\":\"https:\\\/\\\/www.livemag.it\\\/index.php\\\/2021\\\/11\\\/02\\\/conferenza-internazionale-in-occasione-delle-celebrazioni-per-il-450-anniversario-di-benvenuto-cellini\\\/\"},\"wordCount\":387,\"commentCount\":0,\"publisher\":{\"@id\":\"https:\\\/\\\/www.livemag.it\\\/#organization\"},\"image\":{\"@id\":\"https:\\\/\\\/www.livemag.it\\\/index.php\\\/2021\\\/11\\\/02\\\/conferenza-internazionale-in-occasione-delle-celebrazioni-per-il-450-anniversario-di-benvenuto-cellini\\\/#primaryimage\"},\"thumbnailUrl\":\"https:\\\/\\\/www.livemag.it\\\/wp-content\\\/uploads\\\/2021\\\/11\\\/Locandina-Benveuto-Cellini-scaled-e1635849480385.jpg\",\"keywords\":[\"andreadamontefeltro\",\"annalisadimaria\",\"benedettocellini\",\"lajannapress\",\"lautoritratto\",\"verona\"],\"articleSection\":[\"Cultura Eventi\",\"Prima Pagina\"],\"inLanguage\":\"it-IT\",\"potentialAction\":[{\"@type\":\"CommentAction\",\"name\":\"Comment\",\"target\":[\"https:\\\/\\\/www.livemag.it\\\/index.php\\\/2021\\\/11\\\/02\\\/conferenza-internazionale-in-occasione-delle-celebrazioni-per-il-450-anniversario-di-benvenuto-cellini\\\/#respond\"]}]},{\"@type\":\"WebPage\",\"@id\":\"https:\\\/\\\/www.livemag.it\\\/index.php\\\/2021\\\/11\\\/02\\\/conferenza-internazionale-in-occasione-delle-celebrazioni-per-il-450-anniversario-di-benvenuto-cellini\\\/\",\"url\":\"https:\\\/\\\/www.livemag.it\\\/index.php\\\/2021\\\/11\\\/02\\\/conferenza-internazionale-in-occasione-delle-celebrazioni-per-il-450-anniversario-di-benvenuto-cellini\\\/\",\"name\":\"Conferenza Internazionale in occasione delle celebrazioni per il 450\u00b0 Anniversario di Benvenuto Cellini - Live Magazine\",\"isPartOf\":{\"@id\":\"https:\\\/\\\/www.livemag.it\\\/#website\"},\"primaryImageOfPage\":{\"@id\":\"https:\\\/\\\/www.livemag.it\\\/index.php\\\/2021\\\/11\\\/02\\\/conferenza-internazionale-in-occasione-delle-celebrazioni-per-il-450-anniversario-di-benvenuto-cellini\\\/#primaryimage\"},\"image\":{\"@id\":\"https:\\\/\\\/www.livemag.it\\\/index.php\\\/2021\\\/11\\\/02\\\/conferenza-internazionale-in-occasione-delle-celebrazioni-per-il-450-anniversario-di-benvenuto-cellini\\\/#primaryimage\"},\"thumbnailUrl\":\"https:\\\/\\\/www.livemag.it\\\/wp-content\\\/uploads\\\/2021\\\/11\\\/Locandina-Benveuto-Cellini-scaled-e1635849480385.jpg\",\"datePublished\":\"2021-11-02T10:38:28+00:00\",\"dateModified\":\"2021-11-02T10:38:31+00:00\",\"breadcrumb\":{\"@id\":\"https:\\\/\\\/www.livemag.it\\\/index.php\\\/2021\\\/11\\\/02\\\/conferenza-internazionale-in-occasione-delle-celebrazioni-per-il-450-anniversario-di-benvenuto-cellini\\\/#breadcrumb\"},\"inLanguage\":\"it-IT\",\"potentialAction\":[{\"@type\":\"ReadAction\",\"target\":[\"https:\\\/\\\/www.livemag.it\\\/index.php\\\/2021\\\/11\\\/02\\\/conferenza-internazionale-in-occasione-delle-celebrazioni-per-il-450-anniversario-di-benvenuto-cellini\\\/\"]}]},{\"@type\":\"ImageObject\",\"inLanguage\":\"it-IT\",\"@id\":\"https:\\\/\\\/www.livemag.it\\\/index.php\\\/2021\\\/11\\\/02\\\/conferenza-internazionale-in-occasione-delle-celebrazioni-per-il-450-anniversario-di-benvenuto-cellini\\\/#primaryimage\",\"url\":\"https:\\\/\\\/www.livemag.it\\\/wp-content\\\/uploads\\\/2021\\\/11\\\/Locandina-Benveuto-Cellini-scaled-e1635849480385.jpg\",\"contentUrl\":\"https:\\\/\\\/www.livemag.it\\\/wp-content\\\/uploads\\\/2021\\\/11\\\/Locandina-Benveuto-Cellini-scaled-e1635849480385.jpg\",\"width\":1811,\"height\":960},{\"@type\":\"BreadcrumbList\",\"@id\":\"https:\\\/\\\/www.livemag.it\\\/index.php\\\/2021\\\/11\\\/02\\\/conferenza-internazionale-in-occasione-delle-celebrazioni-per-il-450-anniversario-di-benvenuto-cellini\\\/#breadcrumb\",\"itemListElement\":[{\"@type\":\"ListItem\",\"position\":1,\"name\":\"Home\",\"item\":\"https:\\\/\\\/www.livemag.it\\\/\"},{\"@type\":\"ListItem\",\"position\":2,\"name\":\"Conferenza Internazionale in occasione delle celebrazioni per il 450\u00b0 Anniversario di Benvenuto Cellini\"}]},{\"@type\":\"WebSite\",\"@id\":\"https:\\\/\\\/www.livemag.it\\\/#website\",\"url\":\"https:\\\/\\\/www.livemag.it\\\/\",\"name\":\"Live Magazine\",\"description\":\"Varie ed eventi\",\"publisher\":{\"@id\":\"https:\\\/\\\/www.livemag.it\\\/#organization\"},\"potentialAction\":[{\"@type\":\"SearchAction\",\"target\":{\"@type\":\"EntryPoint\",\"urlTemplate\":\"https:\\\/\\\/www.livemag.it\\\/?s={search_term_string}\"},\"query-input\":{\"@type\":\"PropertyValueSpecification\",\"valueRequired\":true,\"valueName\":\"search_term_string\"}}],\"inLanguage\":\"it-IT\"},{\"@type\":\"Organization\",\"@id\":\"https:\\\/\\\/www.livemag.it\\\/#organization\",\"name\":\"LiveMag\",\"alternateName\":\"LiveMag News ed eventi\",\"url\":\"https:\\\/\\\/www.livemag.it\\\/\",\"logo\":{\"@type\":\"ImageObject\",\"inLanguage\":\"it-IT\",\"@id\":\"https:\\\/\\\/www.livemag.it\\\/#\\\/schema\\\/logo\\\/image\\\/\",\"url\":\"https:\\\/\\\/www.livemag.it\\\/wp-content\\\/uploads\\\/2024\\\/02\\\/immagine-sito.jpg\",\"contentUrl\":\"https:\\\/\\\/www.livemag.it\\\/wp-content\\\/uploads\\\/2024\\\/02\\\/immagine-sito.jpg\",\"width\":696,\"height\":696,\"caption\":\"LiveMag\"},\"image\":{\"@id\":\"https:\\\/\\\/www.livemag.it\\\/#\\\/schema\\\/logo\\\/image\\\/\"},\"sameAs\":[\"https:\\\/\\\/www.facebook.com\\\/LiveMag\\\/\",\"https:\\\/\\\/x.com\\\/LiveNotizie\",\"https:\\\/\\\/www.instagram.com\\\/livemag\\\/\"]},{\"@type\":\"Person\",\"@id\":\"https:\\\/\\\/www.livemag.it\\\/#\\\/schema\\\/person\\\/eac39c35e128046ef29b7f0e4aba2063\",\"name\":\"Enrico Santamaria\",\"image\":{\"@type\":\"ImageObject\",\"inLanguage\":\"it-IT\",\"@id\":\"https:\\\/\\\/secure.gravatar.com\\\/avatar\\\/46fb4cd9943ae438f83f978b8089dd12731d06416fe529f1e6492edfba34f6d7?s=96&r=g\",\"url\":\"https:\\\/\\\/secure.gravatar.com\\\/avatar\\\/46fb4cd9943ae438f83f978b8089dd12731d06416fe529f1e6492edfba34f6d7?s=96&r=g\",\"contentUrl\":\"https:\\\/\\\/secure.gravatar.com\\\/avatar\\\/46fb4cd9943ae438f83f978b8089dd12731d06416fe529f1e6492edfba34f6d7?s=96&r=g\",\"caption\":\"Enrico Santamaria\"},\"description\":\"giornalista, copywriter, graphic designer\",\"url\":\"https:\\\/\\\/www.livemag.it\\\/index.php\\\/author\\\/santy\\\/\"}]}<\/script>\n<!-- \/ Yoast SEO plugin. -->","yoast_head_json":{"title":"Conferenza Internazionale in occasione delle celebrazioni per il 450\u00b0 Anniversario di Benvenuto Cellini - Live Magazine","robots":{"index":"index","follow":"follow","max-snippet":"max-snippet:-1","max-image-preview":"max-image-preview:large","max-video-preview":"max-video-preview:-1"},"canonical":"https:\/\/www.livemag.it\/index.php\/2021\/11\/02\/conferenza-internazionale-in-occasione-delle-celebrazioni-per-il-450-anniversario-di-benvenuto-cellini\/","og_locale":"it_IT","og_type":"article","og_title":"Conferenza Internazionale in occasione delle celebrazioni per il 450\u00b0 Anniversario di Benvenuto Cellini - Live Magazine","og_description":"In occasione della nascita di Benvenuto Cellini e a 450 anni dalla scomparsa del grandescultore ed orafo fiorentino, la citt\u00e0 di Verona, con il Patrocinio della Regione delVeneto, rende omaggio ad uno dei pi\u00f9 noti rappresentanti della scultura manierista italiana. Mercoled\u00ec 3 novembre alle ore 17.00 avr\u00e0 luogo all\u2019interno della Sala Convegni del Palazzodi Gran [&hellip;]","og_url":"https:\/\/www.livemag.it\/index.php\/2021\/11\/02\/conferenza-internazionale-in-occasione-delle-celebrazioni-per-il-450-anniversario-di-benvenuto-cellini\/","og_site_name":"Live Magazine","article_publisher":"https:\/\/www.facebook.com\/LiveMag\/","article_published_time":"2021-11-02T10:38:28+00:00","article_modified_time":"2021-11-02T10:38:31+00:00","og_image":[{"width":1811,"height":960,"url":"https:\/\/www.livemag.it\/wp-content\/uploads\/2021\/11\/Locandina-Benveuto-Cellini-scaled-e1635849480385.jpg","type":"image\/jpeg"}],"author":"Enrico Santamaria","twitter_card":"summary_large_image","twitter_creator":"@LiveNotizie","twitter_site":"@LiveNotizie","twitter_misc":{"Scritto da":"Enrico Santamaria","Tempo di lettura stimato":"3 minuti"},"schema":{"@context":"https:\/\/schema.org","@graph":[{"@type":"Article","@id":"https:\/\/www.livemag.it\/index.php\/2021\/11\/02\/conferenza-internazionale-in-occasione-delle-celebrazioni-per-il-450-anniversario-di-benvenuto-cellini\/#article","isPartOf":{"@id":"https:\/\/www.livemag.it\/index.php\/2021\/11\/02\/conferenza-internazionale-in-occasione-delle-celebrazioni-per-il-450-anniversario-di-benvenuto-cellini\/"},"author":{"name":"Enrico Santamaria","@id":"https:\/\/www.livemag.it\/#\/schema\/person\/eac39c35e128046ef29b7f0e4aba2063"},"headline":"Conferenza Internazionale in occasione delle celebrazioni per il 450\u00b0 Anniversario di Benvenuto Cellini","datePublished":"2021-11-02T10:38:28+00:00","dateModified":"2021-11-02T10:38:31+00:00","mainEntityOfPage":{"@id":"https:\/\/www.livemag.it\/index.php\/2021\/11\/02\/conferenza-internazionale-in-occasione-delle-celebrazioni-per-il-450-anniversario-di-benvenuto-cellini\/"},"wordCount":387,"commentCount":0,"publisher":{"@id":"https:\/\/www.livemag.it\/#organization"},"image":{"@id":"https:\/\/www.livemag.it\/index.php\/2021\/11\/02\/conferenza-internazionale-in-occasione-delle-celebrazioni-per-il-450-anniversario-di-benvenuto-cellini\/#primaryimage"},"thumbnailUrl":"https:\/\/www.livemag.it\/wp-content\/uploads\/2021\/11\/Locandina-Benveuto-Cellini-scaled-e1635849480385.jpg","keywords":["andreadamontefeltro","annalisadimaria","benedettocellini","lajannapress","lautoritratto","verona"],"articleSection":["Cultura Eventi","Prima Pagina"],"inLanguage":"it-IT","potentialAction":[{"@type":"CommentAction","name":"Comment","target":["https:\/\/www.livemag.it\/index.php\/2021\/11\/02\/conferenza-internazionale-in-occasione-delle-celebrazioni-per-il-450-anniversario-di-benvenuto-cellini\/#respond"]}]},{"@type":"WebPage","@id":"https:\/\/www.livemag.it\/index.php\/2021\/11\/02\/conferenza-internazionale-in-occasione-delle-celebrazioni-per-il-450-anniversario-di-benvenuto-cellini\/","url":"https:\/\/www.livemag.it\/index.php\/2021\/11\/02\/conferenza-internazionale-in-occasione-delle-celebrazioni-per-il-450-anniversario-di-benvenuto-cellini\/","name":"Conferenza Internazionale in occasione delle celebrazioni per il 450\u00b0 Anniversario di Benvenuto Cellini - Live Magazine","isPartOf":{"@id":"https:\/\/www.livemag.it\/#website"},"primaryImageOfPage":{"@id":"https:\/\/www.livemag.it\/index.php\/2021\/11\/02\/conferenza-internazionale-in-occasione-delle-celebrazioni-per-il-450-anniversario-di-benvenuto-cellini\/#primaryimage"},"image":{"@id":"https:\/\/www.livemag.it\/index.php\/2021\/11\/02\/conferenza-internazionale-in-occasione-delle-celebrazioni-per-il-450-anniversario-di-benvenuto-cellini\/#primaryimage"},"thumbnailUrl":"https:\/\/www.livemag.it\/wp-content\/uploads\/2021\/11\/Locandina-Benveuto-Cellini-scaled-e1635849480385.jpg","datePublished":"2021-11-02T10:38:28+00:00","dateModified":"2021-11-02T10:38:31+00:00","breadcrumb":{"@id":"https:\/\/www.livemag.it\/index.php\/2021\/11\/02\/conferenza-internazionale-in-occasione-delle-celebrazioni-per-il-450-anniversario-di-benvenuto-cellini\/#breadcrumb"},"inLanguage":"it-IT","potentialAction":[{"@type":"ReadAction","target":["https:\/\/www.livemag.it\/index.php\/2021\/11\/02\/conferenza-internazionale-in-occasione-delle-celebrazioni-per-il-450-anniversario-di-benvenuto-cellini\/"]}]},{"@type":"ImageObject","inLanguage":"it-IT","@id":"https:\/\/www.livemag.it\/index.php\/2021\/11\/02\/conferenza-internazionale-in-occasione-delle-celebrazioni-per-il-450-anniversario-di-benvenuto-cellini\/#primaryimage","url":"https:\/\/www.livemag.it\/wp-content\/uploads\/2021\/11\/Locandina-Benveuto-Cellini-scaled-e1635849480385.jpg","contentUrl":"https:\/\/www.livemag.it\/wp-content\/uploads\/2021\/11\/Locandina-Benveuto-Cellini-scaled-e1635849480385.jpg","width":1811,"height":960},{"@type":"BreadcrumbList","@id":"https:\/\/www.livemag.it\/index.php\/2021\/11\/02\/conferenza-internazionale-in-occasione-delle-celebrazioni-per-il-450-anniversario-di-benvenuto-cellini\/#breadcrumb","itemListElement":[{"@type":"ListItem","position":1,"name":"Home","item":"https:\/\/www.livemag.it\/"},{"@type":"ListItem","position":2,"name":"Conferenza Internazionale in occasione delle celebrazioni per il 450\u00b0 Anniversario di Benvenuto Cellini"}]},{"@type":"WebSite","@id":"https:\/\/www.livemag.it\/#website","url":"https:\/\/www.livemag.it\/","name":"Live Magazine","description":"Varie ed eventi","publisher":{"@id":"https:\/\/www.livemag.it\/#organization"},"potentialAction":[{"@type":"SearchAction","target":{"@type":"EntryPoint","urlTemplate":"https:\/\/www.livemag.it\/?s={search_term_string}"},"query-input":{"@type":"PropertyValueSpecification","valueRequired":true,"valueName":"search_term_string"}}],"inLanguage":"it-IT"},{"@type":"Organization","@id":"https:\/\/www.livemag.it\/#organization","name":"LiveMag","alternateName":"LiveMag News ed eventi","url":"https:\/\/www.livemag.it\/","logo":{"@type":"ImageObject","inLanguage":"it-IT","@id":"https:\/\/www.livemag.it\/#\/schema\/logo\/image\/","url":"https:\/\/www.livemag.it\/wp-content\/uploads\/2024\/02\/immagine-sito.jpg","contentUrl":"https:\/\/www.livemag.it\/wp-content\/uploads\/2024\/02\/immagine-sito.jpg","width":696,"height":696,"caption":"LiveMag"},"image":{"@id":"https:\/\/www.livemag.it\/#\/schema\/logo\/image\/"},"sameAs":["https:\/\/www.facebook.com\/LiveMag\/","https:\/\/x.com\/LiveNotizie","https:\/\/www.instagram.com\/livemag\/"]},{"@type":"Person","@id":"https:\/\/www.livemag.it\/#\/schema\/person\/eac39c35e128046ef29b7f0e4aba2063","name":"Enrico Santamaria","image":{"@type":"ImageObject","inLanguage":"it-IT","@id":"https:\/\/secure.gravatar.com\/avatar\/46fb4cd9943ae438f83f978b8089dd12731d06416fe529f1e6492edfba34f6d7?s=96&r=g","url":"https:\/\/secure.gravatar.com\/avatar\/46fb4cd9943ae438f83f978b8089dd12731d06416fe529f1e6492edfba34f6d7?s=96&r=g","contentUrl":"https:\/\/secure.gravatar.com\/avatar\/46fb4cd9943ae438f83f978b8089dd12731d06416fe529f1e6492edfba34f6d7?s=96&r=g","caption":"Enrico Santamaria"},"description":"giornalista, copywriter, graphic designer","url":"https:\/\/www.livemag.it\/index.php\/author\/santy\/"}]}},"jetpack_featured_media_url":"https:\/\/www.livemag.it\/wp-content\/uploads\/2021\/11\/Locandina-Benveuto-Cellini-scaled-e1635849480385.jpg","_links":{"self":[{"href":"https:\/\/www.livemag.it\/index.php\/wp-json\/wp\/v2\/posts\/15966","targetHints":{"allow":["GET"]}}],"collection":[{"href":"https:\/\/www.livemag.it\/index.php\/wp-json\/wp\/v2\/posts"}],"about":[{"href":"https:\/\/www.livemag.it\/index.php\/wp-json\/wp\/v2\/types\/post"}],"author":[{"embeddable":true,"href":"https:\/\/www.livemag.it\/index.php\/wp-json\/wp\/v2\/users\/6"}],"replies":[{"embeddable":true,"href":"https:\/\/www.livemag.it\/index.php\/wp-json\/wp\/v2\/comments?post=15966"}],"version-history":[{"count":2,"href":"https:\/\/www.livemag.it\/index.php\/wp-json\/wp\/v2\/posts\/15966\/revisions"}],"predecessor-version":[{"id":15970,"href":"https:\/\/www.livemag.it\/index.php\/wp-json\/wp\/v2\/posts\/15966\/revisions\/15970"}],"wp:featuredmedia":[{"embeddable":true,"href":"https:\/\/www.livemag.it\/index.php\/wp-json\/wp\/v2\/media\/15968"}],"wp:attachment":[{"href":"https:\/\/www.livemag.it\/index.php\/wp-json\/wp\/v2\/media?parent=15966"}],"wp:term":[{"taxonomy":"category","embeddable":true,"href":"https:\/\/www.livemag.it\/index.php\/wp-json\/wp\/v2\/categories?post=15966"},{"taxonomy":"post_tag","embeddable":true,"href":"https:\/\/www.livemag.it\/index.php\/wp-json\/wp\/v2\/tags?post=15966"}],"curies":[{"name":"wp","href":"https:\/\/api.w.org\/{rel}","templated":true}]}}