{"id":15331,"date":"2021-08-05T09:09:55","date_gmt":"2021-08-05T07:09:55","guid":{"rendered":"https:\/\/www.livemag.it\/?p=15331"},"modified":"2021-08-05T09:10:00","modified_gmt":"2021-08-05T07:10:00","slug":"martina-perin-dalla-fotografia-ai-concorsi-di-bellezza-sognando-in-grande","status":"publish","type":"post","link":"https:\/\/www.livemag.it\/index.php\/2021\/08\/05\/martina-perin-dalla-fotografia-ai-concorsi-di-bellezza-sognando-in-grande\/","title":{"rendered":"Martina Perin, dalla fotografia ai concorsi di bellezza&#8230; sognando in grande"},"content":{"rendered":"\n<p><a><\/a> L\u2019elenco di concorsi di bellezza che l\u2019hanno vista salire in passerella ormai non si contano pi\u00f9. Le fasce vinte hanno arricchito la cameretta di Martina Perin, 18enne della Provincia di Treviso, lanciatissima nel campo della fotografia, abituata a stare sotto i riflettori. \u201cHo un bel rapporto con la fotografia e spesso mi dicono che sono una persona molto fotogenica\u201d racconta tenendo i piedi ben a terra, nonostante le ultime esperienze l\u2019abbiano davvero portata ad acquistare moltissima visibilit\u00e0. Perch\u00e9 dalla fotografia il passo \u00e8 stato breve per vederla alle prese con i concorsi di bellezza. E qui la situazione si fa ancora pi\u00f9 interessante da raccontare. \u201cHo preso fasce a una ventina di concorsi, di alcuni mi sono guadagnata la finale e di altri\u2026 ci andr\u00f2 molto presto! Ho partecipato anche a Miss Italia, quello \u00e8 un grande, grandissimo sogno\u2026\u201d racconta Martina che attraverso il suo account Instagram racconta tutti i suoi traguardi. Molti sono gi\u00e0 stati raggiunti, molti altri devono ancora arrivare\u2026<\/p>\n\n\n\n<p><strong>Riavvolgiamo il nastro, come inizia questa avventura?<\/strong><\/p>\n\n\n\n<p>Il mio primo shooting \u00e8 stato nel settembre dello scorso anno insieme al fotografo Federico Bolzon, con cui mi sono trovata molto bene e con il quale ho collaborato anche nell\u2019ultimo periodo per uno shooting che uscir\u00e0 molto presto nei miei social per un brand di abbigliamento. Il secondo fotografo con cui ho collaborato \u00e8 stato Giuliano Bedin, con il quale ho realizzato uno shooting stupendo nel suo studio e con cui\u2026 spero di poter collaborare ancora.<\/p>\n\n\n\n<p><strong>Ma l\u2019elenco non finisce qui!<\/strong><\/p>\n\n\n\n<p>Esatto! Successivamente ho fatto alcuni shooting con Ruggero Bianchin in uno stile Street, Massimo Bizzo in stile casual, Salvatore Arrigo in stile casual e con un abito elegante azzurro ed in fine con Marco Baraldi con cui ho fatto uno shooting in spiaggia a Riccione.<\/p>\n\n\n\n<p><strong>La fotografia per\u00f2 ti ha spalancato altre porte<\/strong><\/p>\n\n\n\n<p>Gi\u00e0 nell\u2019estate scorsa avevo partecipato al mio primo concorso di bellezza, Miss Mondo in Friuli, che era andato molto bene. Ho partecipato anche ad un evento di matrimoni nel quale ho indossato un abito da damigella, evento a cui aveva dato visibilit\u00e0 anche Studio Aperto e Rai Veneto. Ho partecipato ad una sfilata per il brand Ol\u00e8 artist al Papeete di Milano Marittima dopo la vittoria della fascia Miss Ol\u00e8 con Miss Terre del Veneto. Poi ho partecipato ad un evento di macchine d\u2019epoca nell\u2019isola di Albarella, che si \u00e8 concluso con una sfilata. Infine ho partecipato al mini reality \u201cI LIKE IT\u201d a Riccione, la prima puntata uscir\u00e0 Gioved\u00ec 5 Agosto alle ore 20.00 su canale 821. Seguitemi!<\/p>\n\n\n\n<p><strong>Non solo immagine\u2026<\/strong><\/p>\n\n\n\n<p>Ho appena finito il terzo anno in una scuola professionale di acconciatura, il prossimo anno proseguir\u00f2 con gli studi facendo l\u2019abilitazione.<\/p>\n\n\n\n<p><strong>Come ti piace stare bene con te stessa?<\/strong><\/p>\n\n\n\n<p>Per me la bellezza viene da dentro, se non piaci a te stessa non puoi pretendere di piacere alla gente che ti sta attorno. Sono una ragazza a cui piace distinguersi, ho vari stili diversi e mi piace cambiare, oggi mi vesto super elegante per andare a scuola e magari domani in tuta da ginnastica!<\/p>\n\n\n\n<p><strong>Spazio ai sogni. Dove vuole arrivare Martina Perin?<\/strong><\/p>\n\n\n\n<p>I miei sogni nel cassetto sono arrivare in finale nazionale di Miss Italia e ovviamente lavorare nel mondo della moda come modella o fotomodella. E sarebbe un sogno poter apparire anche in qualche pubblicit\u00e0\u2026<\/p>\n\n\n\n<p>CONTATTI SOCIAL<\/p>\n\n\n\n<p>@martina.perinn<\/p>\n\n\n\n<p>CREDITS FOTOGRAFICI<\/p>\n\n\n\n<p>Ph. Federico Bolzon<\/p>\n\n\n\n<p>Ph. Giuliano Bedin<\/p>\n\n\n\n<p>Ph. Eduard Ardelean<\/p>\n\n\n\n<p>Ph. Alessandra Volpato<\/p>\n\n\n\n<figure class=\"wp-block-gallery columns-2 is-cropped wp-block-gallery-1 is-layout-flex wp-block-gallery-is-layout-flex\"><ul class=\"blocks-gallery-grid\"><li class=\"blocks-gallery-item\"><figure><a href=\"http:\/\/www.livemag.it\/wp-content\/uploads\/2021\/08\/eert.jpg\"><img fetchpriority=\"high\" decoding=\"async\" width=\"684\" height=\"1024\" src=\"http:\/\/www.livemag.it\/wp-content\/uploads\/2021\/08\/eert-684x1024.jpg\" alt=\"\" data-id=\"15332\" data-full-url=\"http:\/\/www.livemag.it\/wp-content\/uploads\/2021\/08\/eert.jpg\" data-link=\"https:\/\/www.livemag.it\/?attachment_id=15332\" class=\"wp-image-15332\" srcset=\"https:\/\/www.livemag.it\/wp-content\/uploads\/2021\/08\/eert-684x1024.jpg 684w, https:\/\/www.livemag.it\/wp-content\/uploads\/2021\/08\/eert-200x300.jpg 200w, https:\/\/www.livemag.it\/wp-content\/uploads\/2021\/08\/eert-768x1151.jpg 768w, https:\/\/www.livemag.it\/wp-content\/uploads\/2021\/08\/eert-1025x1536.jpg 1025w, https:\/\/www.livemag.it\/wp-content\/uploads\/2021\/08\/eert.jpg 1068w\" sizes=\"(max-width: 684px) 100vw, 684px\" \/><\/a><\/figure><\/li><li class=\"blocks-gallery-item\"><figure><a href=\"http:\/\/www.livemag.it\/wp-content\/uploads\/2021\/08\/IMG_1689.jpg\"><img decoding=\"async\" width=\"699\" height=\"1024\" src=\"http:\/\/www.livemag.it\/wp-content\/uploads\/2021\/08\/IMG_1689-699x1024.jpg\" alt=\"\" data-id=\"15333\" data-full-url=\"http:\/\/www.livemag.it\/wp-content\/uploads\/2021\/08\/IMG_1689.jpg\" data-link=\"https:\/\/www.livemag.it\/?attachment_id=15333\" class=\"wp-image-15333\" srcset=\"https:\/\/www.livemag.it\/wp-content\/uploads\/2021\/08\/IMG_1689-699x1024.jpg 699w, https:\/\/www.livemag.it\/wp-content\/uploads\/2021\/08\/IMG_1689-205x300.jpg 205w, https:\/\/www.livemag.it\/wp-content\/uploads\/2021\/08\/IMG_1689-768x1126.jpg 768w, https:\/\/www.livemag.it\/wp-content\/uploads\/2021\/08\/IMG_1689.jpg 827w\" sizes=\"(max-width: 699px) 100vw, 699px\" \/><\/a><\/figure><\/li><li class=\"blocks-gallery-item\"><figure><a href=\"http:\/\/www.livemag.it\/wp-content\/uploads\/2021\/08\/IMG_9519.jpeg\"><img decoding=\"async\" width=\"683\" height=\"1024\" src=\"http:\/\/www.livemag.it\/wp-content\/uploads\/2021\/08\/IMG_9519-683x1024.jpeg\" alt=\"\" data-id=\"15334\" data-full-url=\"http:\/\/www.livemag.it\/wp-content\/uploads\/2021\/08\/IMG_9519.jpeg\" data-link=\"https:\/\/www.livemag.it\/?attachment_id=15334\" class=\"wp-image-15334\" srcset=\"https:\/\/www.livemag.it\/wp-content\/uploads\/2021\/08\/IMG_9519-683x1024.jpeg 683w, https:\/\/www.livemag.it\/wp-content\/uploads\/2021\/08\/IMG_9519-200x300.jpeg 200w, https:\/\/www.livemag.it\/wp-content\/uploads\/2021\/08\/IMG_9519-768x1152.jpeg 768w, https:\/\/www.livemag.it\/wp-content\/uploads\/2021\/08\/IMG_9519-1024x1536.jpeg 1024w, https:\/\/www.livemag.it\/wp-content\/uploads\/2021\/08\/IMG_9519.jpeg 1250w\" sizes=\"(max-width: 683px) 100vw, 683px\" \/><\/a><\/figure><\/li><li class=\"blocks-gallery-item\"><figure><a href=\"http:\/\/www.livemag.it\/wp-content\/uploads\/2021\/08\/undfnamed.jpg\"><img loading=\"lazy\" decoding=\"async\" width=\"657\" height=\"1024\" src=\"http:\/\/www.livemag.it\/wp-content\/uploads\/2021\/08\/undfnamed-657x1024.jpg\" alt=\"\" data-id=\"15335\" data-full-url=\"http:\/\/www.livemag.it\/wp-content\/uploads\/2021\/08\/undfnamed.jpg\" data-link=\"https:\/\/www.livemag.it\/?attachment_id=15335\" class=\"wp-image-15335\" srcset=\"https:\/\/www.livemag.it\/wp-content\/uploads\/2021\/08\/undfnamed-657x1024.jpg 657w, https:\/\/www.livemag.it\/wp-content\/uploads\/2021\/08\/undfnamed-193x300.jpg 193w, https:\/\/www.livemag.it\/wp-content\/uploads\/2021\/08\/undfnamed-768x1196.jpg 768w, https:\/\/www.livemag.it\/wp-content\/uploads\/2021\/08\/undfnamed.jpg 827w\" sizes=\"(max-width: 657px) 100vw, 657px\" \/><\/a><\/figure><\/li><li class=\"blocks-gallery-item\"><figure><a href=\"http:\/\/www.livemag.it\/wp-content\/uploads\/2021\/08\/unn11amed.jpg\"><img loading=\"lazy\" decoding=\"async\" width=\"692\" height=\"1024\" src=\"http:\/\/www.livemag.it\/wp-content\/uploads\/2021\/08\/unn11amed-692x1024.jpg\" alt=\"\" data-id=\"15336\" data-full-url=\"http:\/\/www.livemag.it\/wp-content\/uploads\/2021\/08\/unn11amed.jpg\" data-link=\"https:\/\/www.livemag.it\/?attachment_id=15336\" class=\"wp-image-15336\" srcset=\"https:\/\/www.livemag.it\/wp-content\/uploads\/2021\/08\/unn11amed-692x1024.jpg 692w, https:\/\/www.livemag.it\/wp-content\/uploads\/2021\/08\/unn11amed-203x300.jpg 203w, https:\/\/www.livemag.it\/wp-content\/uploads\/2021\/08\/unn11amed-768x1136.jpg 768w, https:\/\/www.livemag.it\/wp-content\/uploads\/2021\/08\/unn11amed.jpg 827w\" sizes=\"(max-width: 692px) 100vw, 692px\" \/><\/a><\/figure><\/li><li class=\"blocks-gallery-item\"><figure><a href=\"http:\/\/www.livemag.it\/wp-content\/uploads\/2021\/08\/unna333med.jpg\"><img decoding=\"async\" src=\"http:\/\/www.livemag.it\/wp-content\/uploads\/2021\/08\/unna333med-683x1024.jpg\" alt=\"\" data-id=\"15337\" data-full-url=\"http:\/\/www.livemag.it\/wp-content\/uploads\/2021\/08\/unna333med.jpg\" data-link=\"https:\/\/www.livemag.it\/?attachment_id=15337\" class=\"wp-image-15337\"\/><\/a><\/figure><\/li><li class=\"blocks-gallery-item\"><figure><a href=\"http:\/\/www.livemag.it\/wp-content\/uploads\/2021\/08\/unnaertremed.jpg\"><img loading=\"lazy\" decoding=\"async\" width=\"682\" height=\"1024\" src=\"http:\/\/www.livemag.it\/wp-content\/uploads\/2021\/08\/unnaertremed-682x1024.jpg\" alt=\"\" data-id=\"15338\" data-full-url=\"http:\/\/www.livemag.it\/wp-content\/uploads\/2021\/08\/unnaertremed.jpg\" data-link=\"https:\/\/www.livemag.it\/?attachment_id=15338\" class=\"wp-image-15338\" srcset=\"https:\/\/www.livemag.it\/wp-content\/uploads\/2021\/08\/unnaertremed-682x1024.jpg 682w, https:\/\/www.livemag.it\/wp-content\/uploads\/2021\/08\/unnaertremed-200x300.jpg 200w, https:\/\/www.livemag.it\/wp-content\/uploads\/2021\/08\/unnaertremed-768x1154.jpg 768w, https:\/\/www.livemag.it\/wp-content\/uploads\/2021\/08\/unnaertremed-1022x1536.jpg 1022w, https:\/\/www.livemag.it\/wp-content\/uploads\/2021\/08\/unnaertremed.jpg 1363w\" sizes=\"(max-width: 682px) 100vw, 682px\" \/><\/a><\/figure><\/li><li class=\"blocks-gallery-item\"><figure><a href=\"http:\/\/www.livemag.it\/wp-content\/uploads\/2021\/08\/unnam435435ed.jpg\"><img loading=\"lazy\" decoding=\"async\" width=\"690\" height=\"1024\" src=\"http:\/\/www.livemag.it\/wp-content\/uploads\/2021\/08\/unnam435435ed-690x1024.jpg\" alt=\"\" data-id=\"15339\" data-full-url=\"http:\/\/www.livemag.it\/wp-content\/uploads\/2021\/08\/unnam435435ed.jpg\" data-link=\"https:\/\/www.livemag.it\/?attachment_id=15339\" class=\"wp-image-15339\" srcset=\"https:\/\/www.livemag.it\/wp-content\/uploads\/2021\/08\/unnam435435ed-690x1024.jpg 690w, https:\/\/www.livemag.it\/wp-content\/uploads\/2021\/08\/unnam435435ed-202x300.jpg 202w, https:\/\/www.livemag.it\/wp-content\/uploads\/2021\/08\/unnam435435ed-768x1140.jpg 768w, https:\/\/www.livemag.it\/wp-content\/uploads\/2021\/08\/unnam435435ed.jpg 827w\" sizes=\"(max-width: 690px) 100vw, 690px\" \/><\/a><\/figure><\/li><li class=\"blocks-gallery-item\"><figure><a href=\"http:\/\/www.livemag.it\/wp-content\/uploads\/2021\/08\/unname77d.jpg\"><img loading=\"lazy\" decoding=\"async\" width=\"683\" height=\"1024\" src=\"http:\/\/www.livemag.it\/wp-content\/uploads\/2021\/08\/unname77d-683x1024.jpg\" alt=\"\" data-id=\"15340\" data-full-url=\"http:\/\/www.livemag.it\/wp-content\/uploads\/2021\/08\/unname77d.jpg\" data-link=\"https:\/\/www.livemag.it\/?attachment_id=15340\" class=\"wp-image-15340\" srcset=\"https:\/\/www.livemag.it\/wp-content\/uploads\/2021\/08\/unname77d-683x1024.jpg 683w, https:\/\/www.livemag.it\/wp-content\/uploads\/2021\/08\/unname77d-200x300.jpg 200w, https:\/\/www.livemag.it\/wp-content\/uploads\/2021\/08\/unname77d-768x1152.jpg 768w, https:\/\/www.livemag.it\/wp-content\/uploads\/2021\/08\/unname77d-1024x1536.jpg 1024w, https:\/\/www.livemag.it\/wp-content\/uploads\/2021\/08\/unname77d.jpg 1250w\" sizes=\"(max-width: 683px) 100vw, 683px\" \/><\/a><\/figure><\/li><li class=\"blocks-gallery-item\"><figure><a href=\"http:\/\/www.livemag.it\/wp-content\/uploads\/2021\/08\/unnamed.jpg\"><img loading=\"lazy\" decoding=\"async\" width=\"692\" height=\"1024\" src=\"http:\/\/www.livemag.it\/wp-content\/uploads\/2021\/08\/unnamed-692x1024.jpg\" alt=\"\" data-id=\"15341\" data-full-url=\"http:\/\/www.livemag.it\/wp-content\/uploads\/2021\/08\/unnamed.jpg\" data-link=\"https:\/\/www.livemag.it\/?attachment_id=15341\" class=\"wp-image-15341\" srcset=\"https:\/\/www.livemag.it\/wp-content\/uploads\/2021\/08\/unnamed-692x1024.jpg 692w, https:\/\/www.livemag.it\/wp-content\/uploads\/2021\/08\/unnamed-203x300.jpg 203w, https:\/\/www.livemag.it\/wp-content\/uploads\/2021\/08\/unnamed-768x1136.jpg 768w, https:\/\/www.livemag.it\/wp-content\/uploads\/2021\/08\/unnamed.jpg 827w\" sizes=\"(max-width: 692px) 100vw, 692px\" \/><\/a><\/figure><\/li><li class=\"blocks-gallery-item\"><figure><a href=\"http:\/\/www.livemag.it\/wp-content\/uploads\/2021\/08\/unnasfmed.jpg\"><img loading=\"lazy\" decoding=\"async\" width=\"827\" height=\"543\" src=\"http:\/\/www.livemag.it\/wp-content\/uploads\/2021\/08\/unnasfmed.jpg\" alt=\"\" data-id=\"15342\" data-full-url=\"http:\/\/www.livemag.it\/wp-content\/uploads\/2021\/08\/unnasfmed.jpg\" data-link=\"https:\/\/www.livemag.it\/?attachment_id=15342\" class=\"wp-image-15342\" srcset=\"https:\/\/www.livemag.it\/wp-content\/uploads\/2021\/08\/unnasfmed.jpg 827w, https:\/\/www.livemag.it\/wp-content\/uploads\/2021\/08\/unnasfmed-300x197.jpg 300w, https:\/\/www.livemag.it\/wp-content\/uploads\/2021\/08\/unnasfmed-768x504.jpg 768w\" sizes=\"(max-width: 827px) 100vw, 827px\" \/><\/a><\/figure><\/li><li class=\"blocks-gallery-item\"><figure><a href=\"http:\/\/www.livemag.it\/wp-content\/uploads\/2021\/08\/unnasfsdfdmed.jpg\"><img loading=\"lazy\" decoding=\"async\" width=\"688\" height=\"1024\" src=\"http:\/\/www.livemag.it\/wp-content\/uploads\/2021\/08\/unnasfsdfdmed-688x1024.jpg\" alt=\"\" data-id=\"15343\" data-full-url=\"http:\/\/www.livemag.it\/wp-content\/uploads\/2021\/08\/unnasfsdfdmed.jpg\" data-link=\"https:\/\/www.livemag.it\/?attachment_id=15343\" class=\"wp-image-15343\" srcset=\"https:\/\/www.livemag.it\/wp-content\/uploads\/2021\/08\/unnasfsdfdmed-688x1024.jpg 688w, https:\/\/www.livemag.it\/wp-content\/uploads\/2021\/08\/unnasfsdfdmed-202x300.jpg 202w, https:\/\/www.livemag.it\/wp-content\/uploads\/2021\/08\/unnasfsdfdmed-768x1143.jpg 768w, https:\/\/www.livemag.it\/wp-content\/uploads\/2021\/08\/unnasfsdfdmed.jpg 826w\" sizes=\"(max-width: 688px) 100vw, 688px\" \/><\/a><\/figure><\/li><li class=\"blocks-gallery-item\"><figure><a href=\"http:\/\/www.livemag.it\/wp-content\/uploads\/2021\/08\/untrenamed.jpg\"><img loading=\"lazy\" decoding=\"async\" width=\"689\" height=\"1024\" src=\"http:\/\/www.livemag.it\/wp-content\/uploads\/2021\/08\/untrenamed-689x1024.jpg\" alt=\"\" data-id=\"15344\" data-full-url=\"http:\/\/www.livemag.it\/wp-content\/uploads\/2021\/08\/untrenamed.jpg\" data-link=\"https:\/\/www.livemag.it\/?attachment_id=15344\" class=\"wp-image-15344\" srcset=\"https:\/\/www.livemag.it\/wp-content\/uploads\/2021\/08\/untrenamed-689x1024.jpg 689w, https:\/\/www.livemag.it\/wp-content\/uploads\/2021\/08\/untrenamed-202x300.jpg 202w, https:\/\/www.livemag.it\/wp-content\/uploads\/2021\/08\/untrenamed-768x1142.jpg 768w, https:\/\/www.livemag.it\/wp-content\/uploads\/2021\/08\/untrenamed.jpg 828w\" sizes=\"(max-width: 689px) 100vw, 689px\" \/><\/a><\/figure><\/li><\/ul><\/figure>\n","protected":false},"excerpt":{"rendered":"<p>L\u2019elenco di concorsi di bellezza che l\u2019hanno vista salire in passerella ormai non si contano pi\u00f9. Le fasce vinte hanno arricchito la cameretta di Martina Perin, 18enne della Provincia di Treviso, lanciatissima nel campo della fotografia, abituata a stare sotto i riflettori. \u201cHo un bel rapporto con la fotografia e spesso mi dicono che sono [&hellip;]<\/p>\n","protected":false},"author":1,"featured_media":15337,"comment_status":"open","ping_status":"open","sticky":false,"template":"","format":"standard","meta":{"jnews-multi-image_gallery":[],"jnews_single_post":[],"jnews_primary_category":[],"jnews_social_meta":[],"jnews_override_counter":[],"jnews_post_split":[],"footnotes":""},"categories":[2],"tags":[81,51],"class_list":["post-15331","post","type-post","status-publish","format-standard","has-post-thumbnail","hentry","category-livepeople","tag-instagram","tag-moda"],"yoast_head":"<!-- This site is optimized with the Yoast SEO plugin v27.4 - https:\/\/yoast.com\/product\/yoast-seo-wordpress\/ -->\n<title>Martina Perin, dalla fotografia ai concorsi di bellezza... sognando in grande - Live Magazine<\/title>\n<meta name=\"robots\" content=\"index, follow, max-snippet:-1, max-image-preview:large, max-video-preview:-1\" \/>\n<link rel=\"canonical\" href=\"https:\/\/www.livemag.it\/index.php\/2021\/08\/05\/martina-perin-dalla-fotografia-ai-concorsi-di-bellezza-sognando-in-grande\/\" \/>\n<meta property=\"og:locale\" content=\"it_IT\" \/>\n<meta property=\"og:type\" content=\"article\" \/>\n<meta property=\"og:title\" content=\"Martina Perin, dalla fotografia ai concorsi di bellezza... sognando in grande - Live Magazine\" \/>\n<meta property=\"og:description\" content=\"L\u2019elenco di concorsi di bellezza che l\u2019hanno vista salire in passerella ormai non si contano pi\u00f9. Le fasce vinte hanno arricchito la cameretta di Martina Perin, 18enne della Provincia di Treviso, lanciatissima nel campo della fotografia, abituata a stare sotto i riflettori. \u201cHo un bel rapporto con la fotografia e spesso mi dicono che sono [&hellip;]\" \/>\n<meta property=\"og:url\" content=\"https:\/\/www.livemag.it\/index.php\/2021\/08\/05\/martina-perin-dalla-fotografia-ai-concorsi-di-bellezza-sognando-in-grande\/\" \/>\n<meta property=\"og:site_name\" content=\"Live Magazine\" \/>\n<meta property=\"article:publisher\" content=\"https:\/\/www.facebook.com\/LiveMag\/\" \/>\n<meta property=\"article:published_time\" content=\"2021-08-05T07:09:55+00:00\" \/>\n<meta property=\"article:modified_time\" content=\"2021-08-05T07:10:00+00:00\" \/>\n<meta property=\"og:image\" content=\"https:\/\/www.livemag.it\/wp-content\/uploads\/2021\/08\/unna333med-e1628147374553.jpg\" \/>\n\t<meta property=\"og:image:width\" content=\"1241\" \/>\n\t<meta property=\"og:image:height\" content=\"965\" \/>\n\t<meta property=\"og:image:type\" content=\"image\/jpeg\" \/>\n<meta name=\"author\" content=\"Redazione\" \/>\n<meta name=\"twitter:card\" content=\"summary_large_image\" \/>\n<meta name=\"twitter:creator\" content=\"@LiveNotizie\" \/>\n<meta name=\"twitter:site\" content=\"@LiveNotizie\" \/>\n<meta name=\"twitter:label1\" content=\"Scritto da\" \/>\n\t<meta name=\"twitter:data1\" content=\"Redazione\" \/>\n\t<meta name=\"twitter:label2\" content=\"Tempo di lettura stimato\" \/>\n\t<meta name=\"twitter:data2\" content=\"6 minuti\" \/>\n<script type=\"application\/ld+json\" class=\"yoast-schema-graph\">{\"@context\":\"https:\\\/\\\/schema.org\",\"@graph\":[{\"@type\":\"Article\",\"@id\":\"https:\\\/\\\/www.livemag.it\\\/index.php\\\/2021\\\/08\\\/05\\\/martina-perin-dalla-fotografia-ai-concorsi-di-bellezza-sognando-in-grande\\\/#article\",\"isPartOf\":{\"@id\":\"https:\\\/\\\/www.livemag.it\\\/index.php\\\/2021\\\/08\\\/05\\\/martina-perin-dalla-fotografia-ai-concorsi-di-bellezza-sognando-in-grande\\\/\"},\"author\":{\"name\":\"Redazione\",\"@id\":\"https:\\\/\\\/www.livemag.it\\\/#\\\/schema\\\/person\\\/7191e402a6eb1110174f9d71f53edea9\"},\"headline\":\"Martina Perin, dalla fotografia ai concorsi di bellezza&#8230; sognando in grande\",\"datePublished\":\"2021-08-05T07:09:55+00:00\",\"dateModified\":\"2021-08-05T07:10:00+00:00\",\"mainEntityOfPage\":{\"@id\":\"https:\\\/\\\/www.livemag.it\\\/index.php\\\/2021\\\/08\\\/05\\\/martina-perin-dalla-fotografia-ai-concorsi-di-bellezza-sognando-in-grande\\\/\"},\"wordCount\":582,\"commentCount\":0,\"publisher\":{\"@id\":\"https:\\\/\\\/www.livemag.it\\\/#organization\"},\"image\":{\"@id\":\"https:\\\/\\\/www.livemag.it\\\/index.php\\\/2021\\\/08\\\/05\\\/martina-perin-dalla-fotografia-ai-concorsi-di-bellezza-sognando-in-grande\\\/#primaryimage\"},\"thumbnailUrl\":\"https:\\\/\\\/www.livemag.it\\\/wp-content\\\/uploads\\\/2021\\\/08\\\/unna333med-e1628147374553.jpg\",\"keywords\":[\"instagram\",\"moda\"],\"articleSection\":[\"LivePeople\"],\"inLanguage\":\"it-IT\",\"potentialAction\":[{\"@type\":\"CommentAction\",\"name\":\"Comment\",\"target\":[\"https:\\\/\\\/www.livemag.it\\\/index.php\\\/2021\\\/08\\\/05\\\/martina-perin-dalla-fotografia-ai-concorsi-di-bellezza-sognando-in-grande\\\/#respond\"]}]},{\"@type\":\"WebPage\",\"@id\":\"https:\\\/\\\/www.livemag.it\\\/index.php\\\/2021\\\/08\\\/05\\\/martina-perin-dalla-fotografia-ai-concorsi-di-bellezza-sognando-in-grande\\\/\",\"url\":\"https:\\\/\\\/www.livemag.it\\\/index.php\\\/2021\\\/08\\\/05\\\/martina-perin-dalla-fotografia-ai-concorsi-di-bellezza-sognando-in-grande\\\/\",\"name\":\"Martina Perin, dalla fotografia ai concorsi di bellezza... sognando in grande - Live Magazine\",\"isPartOf\":{\"@id\":\"https:\\\/\\\/www.livemag.it\\\/#website\"},\"primaryImageOfPage\":{\"@id\":\"https:\\\/\\\/www.livemag.it\\\/index.php\\\/2021\\\/08\\\/05\\\/martina-perin-dalla-fotografia-ai-concorsi-di-bellezza-sognando-in-grande\\\/#primaryimage\"},\"image\":{\"@id\":\"https:\\\/\\\/www.livemag.it\\\/index.php\\\/2021\\\/08\\\/05\\\/martina-perin-dalla-fotografia-ai-concorsi-di-bellezza-sognando-in-grande\\\/#primaryimage\"},\"thumbnailUrl\":\"https:\\\/\\\/www.livemag.it\\\/wp-content\\\/uploads\\\/2021\\\/08\\\/unna333med-e1628147374553.jpg\",\"datePublished\":\"2021-08-05T07:09:55+00:00\",\"dateModified\":\"2021-08-05T07:10:00+00:00\",\"breadcrumb\":{\"@id\":\"https:\\\/\\\/www.livemag.it\\\/index.php\\\/2021\\\/08\\\/05\\\/martina-perin-dalla-fotografia-ai-concorsi-di-bellezza-sognando-in-grande\\\/#breadcrumb\"},\"inLanguage\":\"it-IT\",\"potentialAction\":[{\"@type\":\"ReadAction\",\"target\":[\"https:\\\/\\\/www.livemag.it\\\/index.php\\\/2021\\\/08\\\/05\\\/martina-perin-dalla-fotografia-ai-concorsi-di-bellezza-sognando-in-grande\\\/\"]}]},{\"@type\":\"ImageObject\",\"inLanguage\":\"it-IT\",\"@id\":\"https:\\\/\\\/www.livemag.it\\\/index.php\\\/2021\\\/08\\\/05\\\/martina-perin-dalla-fotografia-ai-concorsi-di-bellezza-sognando-in-grande\\\/#primaryimage\",\"url\":\"https:\\\/\\\/www.livemag.it\\\/wp-content\\\/uploads\\\/2021\\\/08\\\/unna333med-e1628147374553.jpg\",\"contentUrl\":\"https:\\\/\\\/www.livemag.it\\\/wp-content\\\/uploads\\\/2021\\\/08\\\/unna333med-e1628147374553.jpg\",\"width\":1241,\"height\":965},{\"@type\":\"BreadcrumbList\",\"@id\":\"https:\\\/\\\/www.livemag.it\\\/index.php\\\/2021\\\/08\\\/05\\\/martina-perin-dalla-fotografia-ai-concorsi-di-bellezza-sognando-in-grande\\\/#breadcrumb\",\"itemListElement\":[{\"@type\":\"ListItem\",\"position\":1,\"name\":\"Home\",\"item\":\"https:\\\/\\\/www.livemag.it\\\/\"},{\"@type\":\"ListItem\",\"position\":2,\"name\":\"Martina Perin, dalla fotografia ai concorsi di bellezza&#8230; sognando in grande\"}]},{\"@type\":\"WebSite\",\"@id\":\"https:\\\/\\\/www.livemag.it\\\/#website\",\"url\":\"https:\\\/\\\/www.livemag.it\\\/\",\"name\":\"Live Magazine\",\"description\":\"Varie ed eventi\",\"publisher\":{\"@id\":\"https:\\\/\\\/www.livemag.it\\\/#organization\"},\"potentialAction\":[{\"@type\":\"SearchAction\",\"target\":{\"@type\":\"EntryPoint\",\"urlTemplate\":\"https:\\\/\\\/www.livemag.it\\\/?s={search_term_string}\"},\"query-input\":{\"@type\":\"PropertyValueSpecification\",\"valueRequired\":true,\"valueName\":\"search_term_string\"}}],\"inLanguage\":\"it-IT\"},{\"@type\":\"Organization\",\"@id\":\"https:\\\/\\\/www.livemag.it\\\/#organization\",\"name\":\"LiveMag\",\"alternateName\":\"LiveMag News ed eventi\",\"url\":\"https:\\\/\\\/www.livemag.it\\\/\",\"logo\":{\"@type\":\"ImageObject\",\"inLanguage\":\"it-IT\",\"@id\":\"https:\\\/\\\/www.livemag.it\\\/#\\\/schema\\\/logo\\\/image\\\/\",\"url\":\"https:\\\/\\\/www.livemag.it\\\/wp-content\\\/uploads\\\/2024\\\/02\\\/immagine-sito.jpg\",\"contentUrl\":\"https:\\\/\\\/www.livemag.it\\\/wp-content\\\/uploads\\\/2024\\\/02\\\/immagine-sito.jpg\",\"width\":696,\"height\":696,\"caption\":\"LiveMag\"},\"image\":{\"@id\":\"https:\\\/\\\/www.livemag.it\\\/#\\\/schema\\\/logo\\\/image\\\/\"},\"sameAs\":[\"https:\\\/\\\/www.facebook.com\\\/LiveMag\\\/\",\"https:\\\/\\\/x.com\\\/LiveNotizie\",\"https:\\\/\\\/www.instagram.com\\\/livemag\\\/\"]},{\"@type\":\"Person\",\"@id\":\"https:\\\/\\\/www.livemag.it\\\/#\\\/schema\\\/person\\\/7191e402a6eb1110174f9d71f53edea9\",\"name\":\"Redazione\",\"image\":{\"@type\":\"ImageObject\",\"inLanguage\":\"it-IT\",\"@id\":\"https:\\\/\\\/secure.gravatar.com\\\/avatar\\\/b20eb33510695f1259c3f61c8dfc966b174a5d33f605fb2d514d9b271222597e?s=96&r=g\",\"url\":\"https:\\\/\\\/secure.gravatar.com\\\/avatar\\\/b20eb33510695f1259c3f61c8dfc966b174a5d33f605fb2d514d9b271222597e?s=96&r=g\",\"contentUrl\":\"https:\\\/\\\/secure.gravatar.com\\\/avatar\\\/b20eb33510695f1259c3f61c8dfc966b174a5d33f605fb2d514d9b271222597e?s=96&r=g\",\"caption\":\"Redazione\"},\"url\":\"https:\\\/\\\/www.livemag.it\\\/index.php\\\/author\\\/admin6640\\\/\"}]}<\/script>\n<!-- \/ Yoast SEO plugin. -->","yoast_head_json":{"title":"Martina Perin, dalla fotografia ai concorsi di bellezza... sognando in grande - Live Magazine","robots":{"index":"index","follow":"follow","max-snippet":"max-snippet:-1","max-image-preview":"max-image-preview:large","max-video-preview":"max-video-preview:-1"},"canonical":"https:\/\/www.livemag.it\/index.php\/2021\/08\/05\/martina-perin-dalla-fotografia-ai-concorsi-di-bellezza-sognando-in-grande\/","og_locale":"it_IT","og_type":"article","og_title":"Martina Perin, dalla fotografia ai concorsi di bellezza... sognando in grande - Live Magazine","og_description":"L\u2019elenco di concorsi di bellezza che l\u2019hanno vista salire in passerella ormai non si contano pi\u00f9. Le fasce vinte hanno arricchito la cameretta di Martina Perin, 18enne della Provincia di Treviso, lanciatissima nel campo della fotografia, abituata a stare sotto i riflettori. \u201cHo un bel rapporto con la fotografia e spesso mi dicono che sono [&hellip;]","og_url":"https:\/\/www.livemag.it\/index.php\/2021\/08\/05\/martina-perin-dalla-fotografia-ai-concorsi-di-bellezza-sognando-in-grande\/","og_site_name":"Live Magazine","article_publisher":"https:\/\/www.facebook.com\/LiveMag\/","article_published_time":"2021-08-05T07:09:55+00:00","article_modified_time":"2021-08-05T07:10:00+00:00","og_image":[{"width":1241,"height":965,"url":"https:\/\/www.livemag.it\/wp-content\/uploads\/2021\/08\/unna333med-e1628147374553.jpg","type":"image\/jpeg"}],"author":"Redazione","twitter_card":"summary_large_image","twitter_creator":"@LiveNotizie","twitter_site":"@LiveNotizie","twitter_misc":{"Scritto da":"Redazione","Tempo di lettura stimato":"6 minuti"},"schema":{"@context":"https:\/\/schema.org","@graph":[{"@type":"Article","@id":"https:\/\/www.livemag.it\/index.php\/2021\/08\/05\/martina-perin-dalla-fotografia-ai-concorsi-di-bellezza-sognando-in-grande\/#article","isPartOf":{"@id":"https:\/\/www.livemag.it\/index.php\/2021\/08\/05\/martina-perin-dalla-fotografia-ai-concorsi-di-bellezza-sognando-in-grande\/"},"author":{"name":"Redazione","@id":"https:\/\/www.livemag.it\/#\/schema\/person\/7191e402a6eb1110174f9d71f53edea9"},"headline":"Martina Perin, dalla fotografia ai concorsi di bellezza&#8230; sognando in grande","datePublished":"2021-08-05T07:09:55+00:00","dateModified":"2021-08-05T07:10:00+00:00","mainEntityOfPage":{"@id":"https:\/\/www.livemag.it\/index.php\/2021\/08\/05\/martina-perin-dalla-fotografia-ai-concorsi-di-bellezza-sognando-in-grande\/"},"wordCount":582,"commentCount":0,"publisher":{"@id":"https:\/\/www.livemag.it\/#organization"},"image":{"@id":"https:\/\/www.livemag.it\/index.php\/2021\/08\/05\/martina-perin-dalla-fotografia-ai-concorsi-di-bellezza-sognando-in-grande\/#primaryimage"},"thumbnailUrl":"https:\/\/www.livemag.it\/wp-content\/uploads\/2021\/08\/unna333med-e1628147374553.jpg","keywords":["instagram","moda"],"articleSection":["LivePeople"],"inLanguage":"it-IT","potentialAction":[{"@type":"CommentAction","name":"Comment","target":["https:\/\/www.livemag.it\/index.php\/2021\/08\/05\/martina-perin-dalla-fotografia-ai-concorsi-di-bellezza-sognando-in-grande\/#respond"]}]},{"@type":"WebPage","@id":"https:\/\/www.livemag.it\/index.php\/2021\/08\/05\/martina-perin-dalla-fotografia-ai-concorsi-di-bellezza-sognando-in-grande\/","url":"https:\/\/www.livemag.it\/index.php\/2021\/08\/05\/martina-perin-dalla-fotografia-ai-concorsi-di-bellezza-sognando-in-grande\/","name":"Martina Perin, dalla fotografia ai concorsi di bellezza... sognando in grande - Live Magazine","isPartOf":{"@id":"https:\/\/www.livemag.it\/#website"},"primaryImageOfPage":{"@id":"https:\/\/www.livemag.it\/index.php\/2021\/08\/05\/martina-perin-dalla-fotografia-ai-concorsi-di-bellezza-sognando-in-grande\/#primaryimage"},"image":{"@id":"https:\/\/www.livemag.it\/index.php\/2021\/08\/05\/martina-perin-dalla-fotografia-ai-concorsi-di-bellezza-sognando-in-grande\/#primaryimage"},"thumbnailUrl":"https:\/\/www.livemag.it\/wp-content\/uploads\/2021\/08\/unna333med-e1628147374553.jpg","datePublished":"2021-08-05T07:09:55+00:00","dateModified":"2021-08-05T07:10:00+00:00","breadcrumb":{"@id":"https:\/\/www.livemag.it\/index.php\/2021\/08\/05\/martina-perin-dalla-fotografia-ai-concorsi-di-bellezza-sognando-in-grande\/#breadcrumb"},"inLanguage":"it-IT","potentialAction":[{"@type":"ReadAction","target":["https:\/\/www.livemag.it\/index.php\/2021\/08\/05\/martina-perin-dalla-fotografia-ai-concorsi-di-bellezza-sognando-in-grande\/"]}]},{"@type":"ImageObject","inLanguage":"it-IT","@id":"https:\/\/www.livemag.it\/index.php\/2021\/08\/05\/martina-perin-dalla-fotografia-ai-concorsi-di-bellezza-sognando-in-grande\/#primaryimage","url":"https:\/\/www.livemag.it\/wp-content\/uploads\/2021\/08\/unna333med-e1628147374553.jpg","contentUrl":"https:\/\/www.livemag.it\/wp-content\/uploads\/2021\/08\/unna333med-e1628147374553.jpg","width":1241,"height":965},{"@type":"BreadcrumbList","@id":"https:\/\/www.livemag.it\/index.php\/2021\/08\/05\/martina-perin-dalla-fotografia-ai-concorsi-di-bellezza-sognando-in-grande\/#breadcrumb","itemListElement":[{"@type":"ListItem","position":1,"name":"Home","item":"https:\/\/www.livemag.it\/"},{"@type":"ListItem","position":2,"name":"Martina Perin, dalla fotografia ai concorsi di bellezza&#8230; sognando in grande"}]},{"@type":"WebSite","@id":"https:\/\/www.livemag.it\/#website","url":"https:\/\/www.livemag.it\/","name":"Live Magazine","description":"Varie ed eventi","publisher":{"@id":"https:\/\/www.livemag.it\/#organization"},"potentialAction":[{"@type":"SearchAction","target":{"@type":"EntryPoint","urlTemplate":"https:\/\/www.livemag.it\/?s={search_term_string}"},"query-input":{"@type":"PropertyValueSpecification","valueRequired":true,"valueName":"search_term_string"}}],"inLanguage":"it-IT"},{"@type":"Organization","@id":"https:\/\/www.livemag.it\/#organization","name":"LiveMag","alternateName":"LiveMag News ed eventi","url":"https:\/\/www.livemag.it\/","logo":{"@type":"ImageObject","inLanguage":"it-IT","@id":"https:\/\/www.livemag.it\/#\/schema\/logo\/image\/","url":"https:\/\/www.livemag.it\/wp-content\/uploads\/2024\/02\/immagine-sito.jpg","contentUrl":"https:\/\/www.livemag.it\/wp-content\/uploads\/2024\/02\/immagine-sito.jpg","width":696,"height":696,"caption":"LiveMag"},"image":{"@id":"https:\/\/www.livemag.it\/#\/schema\/logo\/image\/"},"sameAs":["https:\/\/www.facebook.com\/LiveMag\/","https:\/\/x.com\/LiveNotizie","https:\/\/www.instagram.com\/livemag\/"]},{"@type":"Person","@id":"https:\/\/www.livemag.it\/#\/schema\/person\/7191e402a6eb1110174f9d71f53edea9","name":"Redazione","image":{"@type":"ImageObject","inLanguage":"it-IT","@id":"https:\/\/secure.gravatar.com\/avatar\/b20eb33510695f1259c3f61c8dfc966b174a5d33f605fb2d514d9b271222597e?s=96&r=g","url":"https:\/\/secure.gravatar.com\/avatar\/b20eb33510695f1259c3f61c8dfc966b174a5d33f605fb2d514d9b271222597e?s=96&r=g","contentUrl":"https:\/\/secure.gravatar.com\/avatar\/b20eb33510695f1259c3f61c8dfc966b174a5d33f605fb2d514d9b271222597e?s=96&r=g","caption":"Redazione"},"url":"https:\/\/www.livemag.it\/index.php\/author\/admin6640\/"}]}},"jetpack_featured_media_url":"https:\/\/www.livemag.it\/wp-content\/uploads\/2021\/08\/unna333med-e1628147374553.jpg","_links":{"self":[{"href":"https:\/\/www.livemag.it\/index.php\/wp-json\/wp\/v2\/posts\/15331","targetHints":{"allow":["GET"]}}],"collection":[{"href":"https:\/\/www.livemag.it\/index.php\/wp-json\/wp\/v2\/posts"}],"about":[{"href":"https:\/\/www.livemag.it\/index.php\/wp-json\/wp\/v2\/types\/post"}],"author":[{"embeddable":true,"href":"https:\/\/www.livemag.it\/index.php\/wp-json\/wp\/v2\/users\/1"}],"replies":[{"embeddable":true,"href":"https:\/\/www.livemag.it\/index.php\/wp-json\/wp\/v2\/comments?post=15331"}],"version-history":[{"count":1,"href":"https:\/\/www.livemag.it\/index.php\/wp-json\/wp\/v2\/posts\/15331\/revisions"}],"predecessor-version":[{"id":15345,"href":"https:\/\/www.livemag.it\/index.php\/wp-json\/wp\/v2\/posts\/15331\/revisions\/15345"}],"wp:featuredmedia":[{"embeddable":true,"href":"https:\/\/www.livemag.it\/index.php\/wp-json\/wp\/v2\/media\/15337"}],"wp:attachment":[{"href":"https:\/\/www.livemag.it\/index.php\/wp-json\/wp\/v2\/media?parent=15331"}],"wp:term":[{"taxonomy":"category","embeddable":true,"href":"https:\/\/www.livemag.it\/index.php\/wp-json\/wp\/v2\/categories?post=15331"},{"taxonomy":"post_tag","embeddable":true,"href":"https:\/\/www.livemag.it\/index.php\/wp-json\/wp\/v2\/tags?post=15331"}],"curies":[{"name":"wp","href":"https:\/\/api.w.org\/{rel}","templated":true}]}}