{"id":14981,"date":"2021-06-05T13:12:32","date_gmt":"2021-06-05T11:12:32","guid":{"rendered":"https:\/\/www.livemag.it\/?p=14981"},"modified":"2021-06-05T13:12:36","modified_gmt":"2021-06-05T11:12:36","slug":"a-fano-nelle-marche-otto-giorni-di-libri-dal-18-al-25-giugno-torna-passaggi-festival-levento-estivo-dedicato-alla-saggistica","status":"publish","type":"post","link":"https:\/\/www.livemag.it\/index.php\/2021\/06\/05\/a-fano-nelle-marche-otto-giorni-di-libri-dal-18-al-25-giugno-torna-passaggi-festival-levento-estivo-dedicato-alla-saggistica\/","title":{"rendered":"A Fano, nelle Marche otto giorni di libri: dal 18 al 25 giugno torna Passaggi Festival l\u2019evento estivo dedicato alla saggistica"},"content":{"rendered":"\n<p><strong>Premi 2021 a Roberto Vecchioni, Cesare Cremonini e Ahmet Altan<\/strong><\/p>\n\n\n\n<p>Libri da leggere, da ascoltare, da vedere e da acquistare: dal 18 al 25 giugno a Fano, nelle Marche, torna Passaggi Festival, l\u2019evento dedicato alla saggistica diretto da Giovanni Belfiori e promosso da Passaggi Cultura e Librerie Coop. Un\u2019edizione che si propone come la pi\u00f9 lunga e la pi\u00f9 ricca di sempre: otto giorni di presentazioni librarie, mostre d\u2019arte, laboratori per bambini, viste guidate e aperitivi con conversazione, tutti eventi ad ingresso gratuito nei luoghi pi\u00f9 suggestivi della citt\u00e0 adriatica, tra mare e centro storico.<\/p>\n\n\n\n<figure class=\"wp-block-image size-large\"><img fetchpriority=\"high\" decoding=\"async\" width=\"1024\" height=\"683\" src=\"http:\/\/www.livemag.it\/wp-content\/uploads\/2021\/06\/PHOTO-2021-06-03-15-30-07.jpg\" alt=\"\" class=\"wp-image-14982\" srcset=\"https:\/\/www.livemag.it\/wp-content\/uploads\/2021\/06\/PHOTO-2021-06-03-15-30-07.jpg 1024w, https:\/\/www.livemag.it\/wp-content\/uploads\/2021\/06\/PHOTO-2021-06-03-15-30-07-300x200.jpg 300w, https:\/\/www.livemag.it\/wp-content\/uploads\/2021\/06\/PHOTO-2021-06-03-15-30-07-768x512.jpg 768w\" sizes=\"(max-width: 1024px) 100vw, 1024px\" \/><\/figure>\n\n\n\n<p>Saranno tre i premi 2021, conferiti ai cantautori Roberto Vecchioni (Premio Passaggi \u2013 mercoled\u00ec 23 giugno) e Cesare Cremonini (Premio Fuori Passaggi \u2013 gioved\u00ec 24 giugno) e al giornalista turco Ahmet Altan (Premio Giornalistico Andrea Barbato \u2013 venerd\u00ec 18 giugno) per il quale ritirer\u00e0 il premio la direttrice P24 e Casa della Letteratura di Istanbul, Yasemin \u00c7ongar.Nell\u2019ambito della rassegna \u201cEuropa\/Mediterraneo\u201d, da segnalare la presenza di Tom Kuka, vincitore del Premio dell\u2019Unione Europea per la letteratura, che converser\u00e0 sul suo libro \u2018L\u2019Ora del male\u2019 (Besa \u2013 Livio Muci Editore) con la responsabile culturale dell\u2019ambasciata della Repubblica d\u2019Albania Ledia Mirakaj e con la critica letteraria Carolina Iacucci (24 giugno).<\/p>\n\n\n\n<figure class=\"wp-block-gallery columns-2 is-cropped wp-block-gallery-1 is-layout-flex wp-block-gallery-is-layout-flex\"><ul class=\"blocks-gallery-grid\"><li class=\"blocks-gallery-item\"><figure><img decoding=\"async\" width=\"1024\" height=\"684\" src=\"http:\/\/www.livemag.it\/wp-content\/uploads\/2021\/06\/PHOTO-2021-06-03-15-30-34.jpg\" alt=\"\" data-id=\"14983\" data-full-url=\"http:\/\/www.livemag.it\/wp-content\/uploads\/2021\/06\/PHOTO-2021-06-03-15-30-34.jpg\" data-link=\"https:\/\/www.livemag.it\/?attachment_id=14983\" class=\"wp-image-14983\" srcset=\"https:\/\/www.livemag.it\/wp-content\/uploads\/2021\/06\/PHOTO-2021-06-03-15-30-34.jpg 1024w, https:\/\/www.livemag.it\/wp-content\/uploads\/2021\/06\/PHOTO-2021-06-03-15-30-34-300x200.jpg 300w, https:\/\/www.livemag.it\/wp-content\/uploads\/2021\/06\/PHOTO-2021-06-03-15-30-34-768x513.jpg 768w\" sizes=\"(max-width: 1024px) 100vw, 1024px\" \/><\/figure><\/li><li class=\"blocks-gallery-item\"><figure><img decoding=\"async\" width=\"1024\" height=\"684\" src=\"http:\/\/www.livemag.it\/wp-content\/uploads\/2021\/06\/PHOTO-2021-06-03-15-30-53.jpg\" alt=\"\" data-id=\"14984\" data-full-url=\"http:\/\/www.livemag.it\/wp-content\/uploads\/2021\/06\/PHOTO-2021-06-03-15-30-53.jpg\" data-link=\"https:\/\/www.livemag.it\/?attachment_id=14984\" class=\"wp-image-14984\" srcset=\"https:\/\/www.livemag.it\/wp-content\/uploads\/2021\/06\/PHOTO-2021-06-03-15-30-53.jpg 1024w, https:\/\/www.livemag.it\/wp-content\/uploads\/2021\/06\/PHOTO-2021-06-03-15-30-53-300x200.jpg 300w, https:\/\/www.livemag.it\/wp-content\/uploads\/2021\/06\/PHOTO-2021-06-03-15-30-53-768x513.jpg 768w\" sizes=\"(max-width: 1024px) 100vw, 1024px\" \/><\/figure><\/li><\/ul><\/figure>\n\n\n\n<p>Il programma del festival propone un viaggio tra i libri attraverso diversi itinerari: la mappa di luoghi e rassegne -ben 11 tra saggistica, libri per bambini, graphic novel, poesia e narrativa- ma anche i percorsi tematici che attraversano il tema 2021 \u201cD\u2019infinito e provvisorio\u201d. Tra questi, la scrittura che si fa spettacolo grazie alla presenza di numerosi artisti che arriveranno a Passaggi per presentare i propri libri: oltre ai premiati Roberto Vecchioni e Cesare Cremonini, anche Levante, Alessio Boni, Le Coliche, Asia Argento, Justine Mattera, Willie Peyote che conversa con Giuseppe Civati , Marisa Laurito, Guido Catalano e Luca Bottura, Camihawke e Piero Pel\u00f9. E ancora, si parler\u00e0 di pandemia con l\u2019immunologa Antonella Viola e il filosofo Armando Massarenti, ma anche di donne e parit\u00e0 di genere con Rula Jebreal, Annarita Briganti, Giada Palma, Lidia Pupilli, Sara Colaone, Lia Celi, Valentina Cavallaro e il Collettivo \u201cIl sabba della domenica\u201d.<\/p>\n\n\n\n<p>Gli eventi, per i quali \u00e8 consigliata la prenotazione, si svolgeranno nel rispetto dei protocolli anti-Covid e delle norme di legge. Informazioni e programma completo su\u00a0<a href=\"http:\/\/www.passaggifestival.it\/\" target=\"_blank\" rel=\"noreferrer noopener\">www.passaggifestival.it<\/a>.<\/p>\n\n\n\n<p><strong><em>ENRICO SANTAMARIA aka SANTY<\/em><\/strong><\/p>\n","protected":false},"excerpt":{"rendered":"<p>Premi 2021 a Roberto Vecchioni, Cesare Cremonini e Ahmet Altan Libri da leggere, da ascoltare, da vedere e da acquistare: dal 18 al 25 giugno a Fano, nelle Marche, torna Passaggi Festival, l\u2019evento dedicato alla saggistica diretto da Giovanni Belfiori e promosso da Passaggi Cultura e Librerie Coop. Un\u2019edizione che si propone come la pi\u00f9 [&hellip;]<\/p>\n","protected":false},"author":6,"featured_media":14983,"comment_status":"open","ping_status":"open","sticky":false,"template":"","format":"standard","meta":{"jnews-multi-image_gallery":[],"jnews_single_post":[],"jnews_primary_category":[],"jnews_social_meta":[],"jnews_override_counter":[],"jnews_post_split":[],"footnotes":""},"categories":[142],"tags":[723,722,724,207,725,721],"class_list":["post-14981","post","type-post","status-publish","format-standard","has-post-thumbnail","hentry","category-cultura-eventi","tag-ahmetaltan","tag-cesarecremonini","tag-fano","tag-lajannapress","tag-passaggifestival","tag-robertovecchioni"],"yoast_head":"<!-- This site is optimized with the Yoast SEO plugin v27.5 - https:\/\/yoast.com\/product\/yoast-seo-wordpress\/ -->\n<title>A Fano, nelle Marche otto giorni di libri: dal 18 al 25 giugno torna Passaggi Festival l\u2019evento estivo dedicato alla saggistica - Live Magazine<\/title>\n<meta name=\"robots\" content=\"index, follow, max-snippet:-1, max-image-preview:large, max-video-preview:-1\" \/>\n<link rel=\"canonical\" href=\"https:\/\/www.livemag.it\/index.php\/2021\/06\/05\/a-fano-nelle-marche-otto-giorni-di-libri-dal-18-al-25-giugno-torna-passaggi-festival-levento-estivo-dedicato-alla-saggistica\/\" \/>\n<meta property=\"og:locale\" content=\"it_IT\" \/>\n<meta property=\"og:type\" content=\"article\" \/>\n<meta property=\"og:title\" content=\"A Fano, nelle Marche otto giorni di libri: dal 18 al 25 giugno torna Passaggi Festival l\u2019evento estivo dedicato alla saggistica - Live Magazine\" \/>\n<meta property=\"og:description\" content=\"Premi 2021 a Roberto Vecchioni, Cesare Cremonini e Ahmet Altan Libri da leggere, da ascoltare, da vedere e da acquistare: dal 18 al 25 giugno a Fano, nelle Marche, torna Passaggi Festival, l\u2019evento dedicato alla saggistica diretto da Giovanni Belfiori e promosso da Passaggi Cultura e Librerie Coop. Un\u2019edizione che si propone come la pi\u00f9 [&hellip;]\" \/>\n<meta property=\"og:url\" content=\"https:\/\/www.livemag.it\/index.php\/2021\/06\/05\/a-fano-nelle-marche-otto-giorni-di-libri-dal-18-al-25-giugno-torna-passaggi-festival-levento-estivo-dedicato-alla-saggistica\/\" \/>\n<meta property=\"og:site_name\" content=\"Live Magazine\" \/>\n<meta property=\"article:publisher\" content=\"https:\/\/www.facebook.com\/LiveMag\/\" \/>\n<meta property=\"article:published_time\" content=\"2021-06-05T11:12:32+00:00\" \/>\n<meta property=\"article:modified_time\" content=\"2021-06-05T11:12:36+00:00\" \/>\n<meta property=\"og:image\" content=\"https:\/\/www.livemag.it\/wp-content\/uploads\/2021\/06\/PHOTO-2021-06-03-15-30-34.jpg\" \/>\n\t<meta property=\"og:image:width\" content=\"1024\" \/>\n\t<meta property=\"og:image:height\" content=\"684\" \/>\n\t<meta property=\"og:image:type\" content=\"image\/jpeg\" \/>\n<meta name=\"author\" content=\"Enrico Santamaria\" \/>\n<meta name=\"twitter:card\" content=\"summary_large_image\" \/>\n<meta name=\"twitter:creator\" content=\"@LiveNotizie\" \/>\n<meta name=\"twitter:site\" content=\"@LiveNotizie\" \/>\n<meta name=\"twitter:label1\" content=\"Scritto da\" \/>\n\t<meta name=\"twitter:data1\" content=\"Enrico Santamaria\" \/>\n\t<meta name=\"twitter:label2\" content=\"Tempo di lettura stimato\" \/>\n\t<meta name=\"twitter:data2\" content=\"3 minuti\" \/>\n<script type=\"application\/ld+json\" class=\"yoast-schema-graph\">{\"@context\":\"https:\\\/\\\/schema.org\",\"@graph\":[{\"@type\":\"Article\",\"@id\":\"https:\\\/\\\/www.livemag.it\\\/index.php\\\/2021\\\/06\\\/05\\\/a-fano-nelle-marche-otto-giorni-di-libri-dal-18-al-25-giugno-torna-passaggi-festival-levento-estivo-dedicato-alla-saggistica\\\/#article\",\"isPartOf\":{\"@id\":\"https:\\\/\\\/www.livemag.it\\\/index.php\\\/2021\\\/06\\\/05\\\/a-fano-nelle-marche-otto-giorni-di-libri-dal-18-al-25-giugno-torna-passaggi-festival-levento-estivo-dedicato-alla-saggistica\\\/\"},\"author\":{\"name\":\"Enrico Santamaria\",\"@id\":\"https:\\\/\\\/www.livemag.it\\\/#\\\/schema\\\/person\\\/eac39c35e128046ef29b7f0e4aba2063\"},\"headline\":\"A Fano, nelle Marche otto giorni di libri: dal 18 al 25 giugno torna Passaggi Festival l\u2019evento estivo dedicato alla saggistica\",\"datePublished\":\"2021-06-05T11:12:32+00:00\",\"dateModified\":\"2021-06-05T11:12:36+00:00\",\"mainEntityOfPage\":{\"@id\":\"https:\\\/\\\/www.livemag.it\\\/index.php\\\/2021\\\/06\\\/05\\\/a-fano-nelle-marche-otto-giorni-di-libri-dal-18-al-25-giugno-torna-passaggi-festival-levento-estivo-dedicato-alla-saggistica\\\/\"},\"wordCount\":400,\"commentCount\":0,\"publisher\":{\"@id\":\"https:\\\/\\\/www.livemag.it\\\/#organization\"},\"image\":{\"@id\":\"https:\\\/\\\/www.livemag.it\\\/index.php\\\/2021\\\/06\\\/05\\\/a-fano-nelle-marche-otto-giorni-di-libri-dal-18-al-25-giugno-torna-passaggi-festival-levento-estivo-dedicato-alla-saggistica\\\/#primaryimage\"},\"thumbnailUrl\":\"https:\\\/\\\/www.livemag.it\\\/wp-content\\\/uploads\\\/2021\\\/06\\\/PHOTO-2021-06-03-15-30-34.jpg\",\"keywords\":[\"ahmetaltan\",\"cesarecremonini\",\"fano\",\"lajannapress\",\"passaggifestival\",\"ROBERTOVECCHIONI\"],\"articleSection\":[\"Cultura Eventi\"],\"inLanguage\":\"it-IT\",\"potentialAction\":[{\"@type\":\"CommentAction\",\"name\":\"Comment\",\"target\":[\"https:\\\/\\\/www.livemag.it\\\/index.php\\\/2021\\\/06\\\/05\\\/a-fano-nelle-marche-otto-giorni-di-libri-dal-18-al-25-giugno-torna-passaggi-festival-levento-estivo-dedicato-alla-saggistica\\\/#respond\"]}]},{\"@type\":\"WebPage\",\"@id\":\"https:\\\/\\\/www.livemag.it\\\/index.php\\\/2021\\\/06\\\/05\\\/a-fano-nelle-marche-otto-giorni-di-libri-dal-18-al-25-giugno-torna-passaggi-festival-levento-estivo-dedicato-alla-saggistica\\\/\",\"url\":\"https:\\\/\\\/www.livemag.it\\\/index.php\\\/2021\\\/06\\\/05\\\/a-fano-nelle-marche-otto-giorni-di-libri-dal-18-al-25-giugno-torna-passaggi-festival-levento-estivo-dedicato-alla-saggistica\\\/\",\"name\":\"A Fano, nelle Marche otto giorni di libri: dal 18 al 25 giugno torna Passaggi Festival l\u2019evento estivo dedicato alla saggistica - Live Magazine\",\"isPartOf\":{\"@id\":\"https:\\\/\\\/www.livemag.it\\\/#website\"},\"primaryImageOfPage\":{\"@id\":\"https:\\\/\\\/www.livemag.it\\\/index.php\\\/2021\\\/06\\\/05\\\/a-fano-nelle-marche-otto-giorni-di-libri-dal-18-al-25-giugno-torna-passaggi-festival-levento-estivo-dedicato-alla-saggistica\\\/#primaryimage\"},\"image\":{\"@id\":\"https:\\\/\\\/www.livemag.it\\\/index.php\\\/2021\\\/06\\\/05\\\/a-fano-nelle-marche-otto-giorni-di-libri-dal-18-al-25-giugno-torna-passaggi-festival-levento-estivo-dedicato-alla-saggistica\\\/#primaryimage\"},\"thumbnailUrl\":\"https:\\\/\\\/www.livemag.it\\\/wp-content\\\/uploads\\\/2021\\\/06\\\/PHOTO-2021-06-03-15-30-34.jpg\",\"datePublished\":\"2021-06-05T11:12:32+00:00\",\"dateModified\":\"2021-06-05T11:12:36+00:00\",\"breadcrumb\":{\"@id\":\"https:\\\/\\\/www.livemag.it\\\/index.php\\\/2021\\\/06\\\/05\\\/a-fano-nelle-marche-otto-giorni-di-libri-dal-18-al-25-giugno-torna-passaggi-festival-levento-estivo-dedicato-alla-saggistica\\\/#breadcrumb\"},\"inLanguage\":\"it-IT\",\"potentialAction\":[{\"@type\":\"ReadAction\",\"target\":[\"https:\\\/\\\/www.livemag.it\\\/index.php\\\/2021\\\/06\\\/05\\\/a-fano-nelle-marche-otto-giorni-di-libri-dal-18-al-25-giugno-torna-passaggi-festival-levento-estivo-dedicato-alla-saggistica\\\/\"]}]},{\"@type\":\"ImageObject\",\"inLanguage\":\"it-IT\",\"@id\":\"https:\\\/\\\/www.livemag.it\\\/index.php\\\/2021\\\/06\\\/05\\\/a-fano-nelle-marche-otto-giorni-di-libri-dal-18-al-25-giugno-torna-passaggi-festival-levento-estivo-dedicato-alla-saggistica\\\/#primaryimage\",\"url\":\"https:\\\/\\\/www.livemag.it\\\/wp-content\\\/uploads\\\/2021\\\/06\\\/PHOTO-2021-06-03-15-30-34.jpg\",\"contentUrl\":\"https:\\\/\\\/www.livemag.it\\\/wp-content\\\/uploads\\\/2021\\\/06\\\/PHOTO-2021-06-03-15-30-34.jpg\",\"width\":1024,\"height\":684,\"caption\":\"passaggi festival\"},{\"@type\":\"BreadcrumbList\",\"@id\":\"https:\\\/\\\/www.livemag.it\\\/index.php\\\/2021\\\/06\\\/05\\\/a-fano-nelle-marche-otto-giorni-di-libri-dal-18-al-25-giugno-torna-passaggi-festival-levento-estivo-dedicato-alla-saggistica\\\/#breadcrumb\",\"itemListElement\":[{\"@type\":\"ListItem\",\"position\":1,\"name\":\"Home\",\"item\":\"https:\\\/\\\/www.livemag.it\\\/\"},{\"@type\":\"ListItem\",\"position\":2,\"name\":\"A Fano, nelle Marche otto giorni di libri: dal 18 al 25 giugno torna Passaggi Festival l\u2019evento estivo dedicato alla saggistica\"}]},{\"@type\":\"WebSite\",\"@id\":\"https:\\\/\\\/www.livemag.it\\\/#website\",\"url\":\"https:\\\/\\\/www.livemag.it\\\/\",\"name\":\"Live Magazine\",\"description\":\"Varie ed eventi\",\"publisher\":{\"@id\":\"https:\\\/\\\/www.livemag.it\\\/#organization\"},\"potentialAction\":[{\"@type\":\"SearchAction\",\"target\":{\"@type\":\"EntryPoint\",\"urlTemplate\":\"https:\\\/\\\/www.livemag.it\\\/?s={search_term_string}\"},\"query-input\":{\"@type\":\"PropertyValueSpecification\",\"valueRequired\":true,\"valueName\":\"search_term_string\"}}],\"inLanguage\":\"it-IT\"},{\"@type\":\"Organization\",\"@id\":\"https:\\\/\\\/www.livemag.it\\\/#organization\",\"name\":\"LiveMag\",\"alternateName\":\"LiveMag News ed eventi\",\"url\":\"https:\\\/\\\/www.livemag.it\\\/\",\"logo\":{\"@type\":\"ImageObject\",\"inLanguage\":\"it-IT\",\"@id\":\"https:\\\/\\\/www.livemag.it\\\/#\\\/schema\\\/logo\\\/image\\\/\",\"url\":\"https:\\\/\\\/www.livemag.it\\\/wp-content\\\/uploads\\\/2024\\\/02\\\/immagine-sito.jpg\",\"contentUrl\":\"https:\\\/\\\/www.livemag.it\\\/wp-content\\\/uploads\\\/2024\\\/02\\\/immagine-sito.jpg\",\"width\":696,\"height\":696,\"caption\":\"LiveMag\"},\"image\":{\"@id\":\"https:\\\/\\\/www.livemag.it\\\/#\\\/schema\\\/logo\\\/image\\\/\"},\"sameAs\":[\"https:\\\/\\\/www.facebook.com\\\/LiveMag\\\/\",\"https:\\\/\\\/x.com\\\/LiveNotizie\",\"https:\\\/\\\/www.instagram.com\\\/livemag\\\/\"]},{\"@type\":\"Person\",\"@id\":\"https:\\\/\\\/www.livemag.it\\\/#\\\/schema\\\/person\\\/eac39c35e128046ef29b7f0e4aba2063\",\"name\":\"Enrico Santamaria\",\"image\":{\"@type\":\"ImageObject\",\"inLanguage\":\"it-IT\",\"@id\":\"https:\\\/\\\/secure.gravatar.com\\\/avatar\\\/46fb4cd9943ae438f83f978b8089dd12731d06416fe529f1e6492edfba34f6d7?s=96&r=g\",\"url\":\"https:\\\/\\\/secure.gravatar.com\\\/avatar\\\/46fb4cd9943ae438f83f978b8089dd12731d06416fe529f1e6492edfba34f6d7?s=96&r=g\",\"contentUrl\":\"https:\\\/\\\/secure.gravatar.com\\\/avatar\\\/46fb4cd9943ae438f83f978b8089dd12731d06416fe529f1e6492edfba34f6d7?s=96&r=g\",\"caption\":\"Enrico Santamaria\"},\"description\":\"giornalista, copywriter, graphic designer\",\"url\":\"https:\\\/\\\/www.livemag.it\\\/index.php\\\/author\\\/santy\\\/\"}]}<\/script>\n<!-- \/ Yoast SEO plugin. -->","yoast_head_json":{"title":"A Fano, nelle Marche otto giorni di libri: dal 18 al 25 giugno torna Passaggi Festival l\u2019evento estivo dedicato alla saggistica - Live Magazine","robots":{"index":"index","follow":"follow","max-snippet":"max-snippet:-1","max-image-preview":"max-image-preview:large","max-video-preview":"max-video-preview:-1"},"canonical":"https:\/\/www.livemag.it\/index.php\/2021\/06\/05\/a-fano-nelle-marche-otto-giorni-di-libri-dal-18-al-25-giugno-torna-passaggi-festival-levento-estivo-dedicato-alla-saggistica\/","og_locale":"it_IT","og_type":"article","og_title":"A Fano, nelle Marche otto giorni di libri: dal 18 al 25 giugno torna Passaggi Festival l\u2019evento estivo dedicato alla saggistica - Live Magazine","og_description":"Premi 2021 a Roberto Vecchioni, Cesare Cremonini e Ahmet Altan Libri da leggere, da ascoltare, da vedere e da acquistare: dal 18 al 25 giugno a Fano, nelle Marche, torna Passaggi Festival, l\u2019evento dedicato alla saggistica diretto da Giovanni Belfiori e promosso da Passaggi Cultura e Librerie Coop. Un\u2019edizione che si propone come la pi\u00f9 [&hellip;]","og_url":"https:\/\/www.livemag.it\/index.php\/2021\/06\/05\/a-fano-nelle-marche-otto-giorni-di-libri-dal-18-al-25-giugno-torna-passaggi-festival-levento-estivo-dedicato-alla-saggistica\/","og_site_name":"Live Magazine","article_publisher":"https:\/\/www.facebook.com\/LiveMag\/","article_published_time":"2021-06-05T11:12:32+00:00","article_modified_time":"2021-06-05T11:12:36+00:00","og_image":[{"width":1024,"height":684,"url":"https:\/\/www.livemag.it\/wp-content\/uploads\/2021\/06\/PHOTO-2021-06-03-15-30-34.jpg","type":"image\/jpeg"}],"author":"Enrico Santamaria","twitter_card":"summary_large_image","twitter_creator":"@LiveNotizie","twitter_site":"@LiveNotizie","twitter_misc":{"Scritto da":"Enrico Santamaria","Tempo di lettura stimato":"3 minuti"},"schema":{"@context":"https:\/\/schema.org","@graph":[{"@type":"Article","@id":"https:\/\/www.livemag.it\/index.php\/2021\/06\/05\/a-fano-nelle-marche-otto-giorni-di-libri-dal-18-al-25-giugno-torna-passaggi-festival-levento-estivo-dedicato-alla-saggistica\/#article","isPartOf":{"@id":"https:\/\/www.livemag.it\/index.php\/2021\/06\/05\/a-fano-nelle-marche-otto-giorni-di-libri-dal-18-al-25-giugno-torna-passaggi-festival-levento-estivo-dedicato-alla-saggistica\/"},"author":{"name":"Enrico Santamaria","@id":"https:\/\/www.livemag.it\/#\/schema\/person\/eac39c35e128046ef29b7f0e4aba2063"},"headline":"A Fano, nelle Marche otto giorni di libri: dal 18 al 25 giugno torna Passaggi Festival l\u2019evento estivo dedicato alla saggistica","datePublished":"2021-06-05T11:12:32+00:00","dateModified":"2021-06-05T11:12:36+00:00","mainEntityOfPage":{"@id":"https:\/\/www.livemag.it\/index.php\/2021\/06\/05\/a-fano-nelle-marche-otto-giorni-di-libri-dal-18-al-25-giugno-torna-passaggi-festival-levento-estivo-dedicato-alla-saggistica\/"},"wordCount":400,"commentCount":0,"publisher":{"@id":"https:\/\/www.livemag.it\/#organization"},"image":{"@id":"https:\/\/www.livemag.it\/index.php\/2021\/06\/05\/a-fano-nelle-marche-otto-giorni-di-libri-dal-18-al-25-giugno-torna-passaggi-festival-levento-estivo-dedicato-alla-saggistica\/#primaryimage"},"thumbnailUrl":"https:\/\/www.livemag.it\/wp-content\/uploads\/2021\/06\/PHOTO-2021-06-03-15-30-34.jpg","keywords":["ahmetaltan","cesarecremonini","fano","lajannapress","passaggifestival","ROBERTOVECCHIONI"],"articleSection":["Cultura Eventi"],"inLanguage":"it-IT","potentialAction":[{"@type":"CommentAction","name":"Comment","target":["https:\/\/www.livemag.it\/index.php\/2021\/06\/05\/a-fano-nelle-marche-otto-giorni-di-libri-dal-18-al-25-giugno-torna-passaggi-festival-levento-estivo-dedicato-alla-saggistica\/#respond"]}]},{"@type":"WebPage","@id":"https:\/\/www.livemag.it\/index.php\/2021\/06\/05\/a-fano-nelle-marche-otto-giorni-di-libri-dal-18-al-25-giugno-torna-passaggi-festival-levento-estivo-dedicato-alla-saggistica\/","url":"https:\/\/www.livemag.it\/index.php\/2021\/06\/05\/a-fano-nelle-marche-otto-giorni-di-libri-dal-18-al-25-giugno-torna-passaggi-festival-levento-estivo-dedicato-alla-saggistica\/","name":"A Fano, nelle Marche otto giorni di libri: dal 18 al 25 giugno torna Passaggi Festival l\u2019evento estivo dedicato alla saggistica - Live Magazine","isPartOf":{"@id":"https:\/\/www.livemag.it\/#website"},"primaryImageOfPage":{"@id":"https:\/\/www.livemag.it\/index.php\/2021\/06\/05\/a-fano-nelle-marche-otto-giorni-di-libri-dal-18-al-25-giugno-torna-passaggi-festival-levento-estivo-dedicato-alla-saggistica\/#primaryimage"},"image":{"@id":"https:\/\/www.livemag.it\/index.php\/2021\/06\/05\/a-fano-nelle-marche-otto-giorni-di-libri-dal-18-al-25-giugno-torna-passaggi-festival-levento-estivo-dedicato-alla-saggistica\/#primaryimage"},"thumbnailUrl":"https:\/\/www.livemag.it\/wp-content\/uploads\/2021\/06\/PHOTO-2021-06-03-15-30-34.jpg","datePublished":"2021-06-05T11:12:32+00:00","dateModified":"2021-06-05T11:12:36+00:00","breadcrumb":{"@id":"https:\/\/www.livemag.it\/index.php\/2021\/06\/05\/a-fano-nelle-marche-otto-giorni-di-libri-dal-18-al-25-giugno-torna-passaggi-festival-levento-estivo-dedicato-alla-saggistica\/#breadcrumb"},"inLanguage":"it-IT","potentialAction":[{"@type":"ReadAction","target":["https:\/\/www.livemag.it\/index.php\/2021\/06\/05\/a-fano-nelle-marche-otto-giorni-di-libri-dal-18-al-25-giugno-torna-passaggi-festival-levento-estivo-dedicato-alla-saggistica\/"]}]},{"@type":"ImageObject","inLanguage":"it-IT","@id":"https:\/\/www.livemag.it\/index.php\/2021\/06\/05\/a-fano-nelle-marche-otto-giorni-di-libri-dal-18-al-25-giugno-torna-passaggi-festival-levento-estivo-dedicato-alla-saggistica\/#primaryimage","url":"https:\/\/www.livemag.it\/wp-content\/uploads\/2021\/06\/PHOTO-2021-06-03-15-30-34.jpg","contentUrl":"https:\/\/www.livemag.it\/wp-content\/uploads\/2021\/06\/PHOTO-2021-06-03-15-30-34.jpg","width":1024,"height":684,"caption":"passaggi festival"},{"@type":"BreadcrumbList","@id":"https:\/\/www.livemag.it\/index.php\/2021\/06\/05\/a-fano-nelle-marche-otto-giorni-di-libri-dal-18-al-25-giugno-torna-passaggi-festival-levento-estivo-dedicato-alla-saggistica\/#breadcrumb","itemListElement":[{"@type":"ListItem","position":1,"name":"Home","item":"https:\/\/www.livemag.it\/"},{"@type":"ListItem","position":2,"name":"A Fano, nelle Marche otto giorni di libri: dal 18 al 25 giugno torna Passaggi Festival l\u2019evento estivo dedicato alla saggistica"}]},{"@type":"WebSite","@id":"https:\/\/www.livemag.it\/#website","url":"https:\/\/www.livemag.it\/","name":"Live Magazine","description":"Varie ed eventi","publisher":{"@id":"https:\/\/www.livemag.it\/#organization"},"potentialAction":[{"@type":"SearchAction","target":{"@type":"EntryPoint","urlTemplate":"https:\/\/www.livemag.it\/?s={search_term_string}"},"query-input":{"@type":"PropertyValueSpecification","valueRequired":true,"valueName":"search_term_string"}}],"inLanguage":"it-IT"},{"@type":"Organization","@id":"https:\/\/www.livemag.it\/#organization","name":"LiveMag","alternateName":"LiveMag News ed eventi","url":"https:\/\/www.livemag.it\/","logo":{"@type":"ImageObject","inLanguage":"it-IT","@id":"https:\/\/www.livemag.it\/#\/schema\/logo\/image\/","url":"https:\/\/www.livemag.it\/wp-content\/uploads\/2024\/02\/immagine-sito.jpg","contentUrl":"https:\/\/www.livemag.it\/wp-content\/uploads\/2024\/02\/immagine-sito.jpg","width":696,"height":696,"caption":"LiveMag"},"image":{"@id":"https:\/\/www.livemag.it\/#\/schema\/logo\/image\/"},"sameAs":["https:\/\/www.facebook.com\/LiveMag\/","https:\/\/x.com\/LiveNotizie","https:\/\/www.instagram.com\/livemag\/"]},{"@type":"Person","@id":"https:\/\/www.livemag.it\/#\/schema\/person\/eac39c35e128046ef29b7f0e4aba2063","name":"Enrico Santamaria","image":{"@type":"ImageObject","inLanguage":"it-IT","@id":"https:\/\/secure.gravatar.com\/avatar\/46fb4cd9943ae438f83f978b8089dd12731d06416fe529f1e6492edfba34f6d7?s=96&r=g","url":"https:\/\/secure.gravatar.com\/avatar\/46fb4cd9943ae438f83f978b8089dd12731d06416fe529f1e6492edfba34f6d7?s=96&r=g","contentUrl":"https:\/\/secure.gravatar.com\/avatar\/46fb4cd9943ae438f83f978b8089dd12731d06416fe529f1e6492edfba34f6d7?s=96&r=g","caption":"Enrico Santamaria"},"description":"giornalista, copywriter, graphic designer","url":"https:\/\/www.livemag.it\/index.php\/author\/santy\/"}]}},"jetpack_featured_media_url":"https:\/\/www.livemag.it\/wp-content\/uploads\/2021\/06\/PHOTO-2021-06-03-15-30-34.jpg","_links":{"self":[{"href":"https:\/\/www.livemag.it\/index.php\/wp-json\/wp\/v2\/posts\/14981","targetHints":{"allow":["GET"]}}],"collection":[{"href":"https:\/\/www.livemag.it\/index.php\/wp-json\/wp\/v2\/posts"}],"about":[{"href":"https:\/\/www.livemag.it\/index.php\/wp-json\/wp\/v2\/types\/post"}],"author":[{"embeddable":true,"href":"https:\/\/www.livemag.it\/index.php\/wp-json\/wp\/v2\/users\/6"}],"replies":[{"embeddable":true,"href":"https:\/\/www.livemag.it\/index.php\/wp-json\/wp\/v2\/comments?post=14981"}],"version-history":[{"count":1,"href":"https:\/\/www.livemag.it\/index.php\/wp-json\/wp\/v2\/posts\/14981\/revisions"}],"predecessor-version":[{"id":14985,"href":"https:\/\/www.livemag.it\/index.php\/wp-json\/wp\/v2\/posts\/14981\/revisions\/14985"}],"wp:featuredmedia":[{"embeddable":true,"href":"https:\/\/www.livemag.it\/index.php\/wp-json\/wp\/v2\/media\/14983"}],"wp:attachment":[{"href":"https:\/\/www.livemag.it\/index.php\/wp-json\/wp\/v2\/media?parent=14981"}],"wp:term":[{"taxonomy":"category","embeddable":true,"href":"https:\/\/www.livemag.it\/index.php\/wp-json\/wp\/v2\/categories?post=14981"},{"taxonomy":"post_tag","embeddable":true,"href":"https:\/\/www.livemag.it\/index.php\/wp-json\/wp\/v2\/tags?post=14981"}],"curies":[{"name":"wp","href":"https:\/\/api.w.org\/{rel}","templated":true}]}}