{"id":14831,"date":"2021-05-12T21:20:52","date_gmt":"2021-05-12T19:20:52","guid":{"rendered":"https:\/\/www.livemag.it\/?p=14831"},"modified":"2021-05-12T21:20:54","modified_gmt":"2021-05-12T19:20:54","slug":"vai-col-tanga-lesordio-musicale-di-federica-pacela","status":"publish","type":"post","link":"https:\/\/www.livemag.it\/index.php\/2021\/05\/12\/vai-col-tanga-lesordio-musicale-di-federica-pacela\/","title":{"rendered":"&#8220;Vai col tanga&#8221;, l&#8217;esordio musicale di Federica Pacela"},"content":{"rendered":"\n<p>Federica Pacela sceglie il <strong>sound reggaeton<\/strong> per il suo esordio discografico. Con questo primo singolo, l\u2019influencer da <strong>un milione di follower <\/strong>avvia una nuova avventura professionale, decidendo di seguire una sua grande passione: la musica.&nbsp;<\/p>\n\n\n\n<p>\u2028\u00ab<em>Mi impegno al massimo in tutto quello che faccio e ho sempre bisogno di nuove avventure. Non sopporto la routine, non mi piace sedermi sui risultati e rilancio sempre!<\/em>\u00bb <strong>Federica Pacela<\/strong><\/p>\n\n\n\n<p>\u201cVai col tanga\u201d parla di una ragazza che si prepara per uscire con un ragazzo che le piace, ma quando \u00e8 pronta \u00e8 costretta ad ammettere di essere per lui l&#8217;ultima delle priorit\u00e0. Decide di alzare la testa e di uscire da sola. Mai accontentarsi, meglio tornare a sognare e rimescolare le carte<\/p>\n\n\n\n<p><strong>Allegria e spensieratezza descrivono<\/strong>, quindi,<strong> una presa di coscienza<\/strong> il ritmo \u00e8 quello caratteristico dell\u2019estate ormai alle porte, energica e vitalizzante, la voce quella di \u201cDidi\u201d, accompagnata in questo esordio dall\u2019etichetta discografica PGO Lab. S.r.l. diretta da Alberto Boiani e dal produttore artistico Marco Zangirolami.&nbsp;<\/p>\n\n\n\n<p>Etichetta: <strong>P.G.O. LAB SRL<\/strong><br>Distribuzione: <strong>DISCOLOGY<\/strong><br>Radio date:<strong> 14 maggio 2021<\/strong><\/p>\n\n\n\n<p><strong>Contatti e social<\/strong><\/p>\n\n\n\n<p><strong>Instagram:<\/strong> www.instagram.com\/federica_pacela<br><strong>Facebook: <\/strong>www.facebook.com\/federicapacela\/<br><strong>Youtube <\/strong>www.youtube.com\/channel\/UCZCFhjD7O1RKUj2NIXv0n7A<br><strong>Tik Tok<\/strong> https:\/\/vm.tiktok.com\/3RQ3pt\/<br><strong>Twitter <\/strong>https:\/\/twitter.com\/DidiPacela?s=09<\/p>\n\n\n\n<p><strong>BIO<\/strong><\/p>\n\n\n\n<p>Federica Pacela (Didi, per gli amici) \u00e8 biellese d\u2019origine e tinerfe\u00f1a di adozione. Ha 34 anni ed \u00e8 una ex parrucchiera che quattro anni fa ha deciso di cambiare vita trasferendosi da sola a Tenerife, innamorata del clima dell\u2019isola. Modella in molti shooting fotografici e testimonial per vari marchi, \u00e8 stata concorrente nella prima edizione di \u201cEx on the beach Italia\u201d e ne ha presentato la seconda, sul canale Youtube di MTW. Sexy-web-influencer su Instagram da quattro anni, ha al suo attivo oltre 900 mila followers grazie alla sua forma fisica \u2013 \u00e8 appassionata di fitness &#8211; e alla sua ironia. Il 14 maggio 2021 esordisce con il suo primo singolo \u201cVai col tanga\u201d.<\/p>\n\n\n\n<figure class=\"wp-block-gallery columns-3 is-cropped wp-block-gallery-1 is-layout-flex wp-block-gallery-is-layout-flex\"><ul class=\"blocks-gallery-grid\"><li class=\"blocks-gallery-item\"><figure><a href=\"http:\/\/www.livemag.it\/wp-content\/uploads\/2021\/05\/FP3-scaled.jpg\"><img fetchpriority=\"high\" decoding=\"async\" width=\"1024\" height=\"683\" src=\"http:\/\/www.livemag.it\/wp-content\/uploads\/2021\/05\/FP3-1024x683.jpg\" alt=\"\" data-id=\"14832\" data-full-url=\"http:\/\/www.livemag.it\/wp-content\/uploads\/2021\/05\/FP3-scaled.jpg\" data-link=\"https:\/\/www.livemag.it\/?attachment_id=14832\" class=\"wp-image-14832\" srcset=\"https:\/\/www.livemag.it\/wp-content\/uploads\/2021\/05\/FP3-1024x683.jpg 1024w, https:\/\/www.livemag.it\/wp-content\/uploads\/2021\/05\/FP3-300x200.jpg 300w, https:\/\/www.livemag.it\/wp-content\/uploads\/2021\/05\/FP3-768x512.jpg 768w, https:\/\/www.livemag.it\/wp-content\/uploads\/2021\/05\/FP3-1536x1024.jpg 1536w, https:\/\/www.livemag.it\/wp-content\/uploads\/2021\/05\/FP3-2048x1365.jpg 2048w\" sizes=\"(max-width: 1024px) 100vw, 1024px\" \/><\/a><\/figure><\/li><li class=\"blocks-gallery-item\"><figure><a href=\"http:\/\/www.livemag.it\/wp-content\/uploads\/2021\/05\/FP5.jpeg\"><img decoding=\"async\" width=\"819\" height=\"1024\" src=\"http:\/\/www.livemag.it\/wp-content\/uploads\/2021\/05\/FP5-819x1024.jpeg\" alt=\"\" data-id=\"14833\" data-full-url=\"http:\/\/www.livemag.it\/wp-content\/uploads\/2021\/05\/FP5.jpeg\" data-link=\"https:\/\/www.livemag.it\/?attachment_id=14833\" class=\"wp-image-14833\" srcset=\"https:\/\/www.livemag.it\/wp-content\/uploads\/2021\/05\/FP5-819x1024.jpeg 819w, https:\/\/www.livemag.it\/wp-content\/uploads\/2021\/05\/FP5-240x300.jpeg 240w, https:\/\/www.livemag.it\/wp-content\/uploads\/2021\/05\/FP5-768x960.jpeg 768w, https:\/\/www.livemag.it\/wp-content\/uploads\/2021\/05\/FP5-1229x1536.jpeg 1229w, https:\/\/www.livemag.it\/wp-content\/uploads\/2021\/05\/FP5.jpeg 1440w\" sizes=\"(max-width: 819px) 100vw, 819px\" \/><\/a><\/figure><\/li><li class=\"blocks-gallery-item\"><figure><a href=\"http:\/\/www.livemag.it\/wp-content\/uploads\/2021\/05\/FP6.jpeg\"><img decoding=\"async\" width=\"819\" height=\"1024\" src=\"http:\/\/www.livemag.it\/wp-content\/uploads\/2021\/05\/FP6-819x1024.jpeg\" alt=\"\" data-id=\"14834\" data-full-url=\"http:\/\/www.livemag.it\/wp-content\/uploads\/2021\/05\/FP6.jpeg\" data-link=\"https:\/\/www.livemag.it\/?attachment_id=14834\" class=\"wp-image-14834\" srcset=\"https:\/\/www.livemag.it\/wp-content\/uploads\/2021\/05\/FP6-819x1024.jpeg 819w, https:\/\/www.livemag.it\/wp-content\/uploads\/2021\/05\/FP6-240x300.jpeg 240w, https:\/\/www.livemag.it\/wp-content\/uploads\/2021\/05\/FP6-768x960.jpeg 768w, https:\/\/www.livemag.it\/wp-content\/uploads\/2021\/05\/FP6-1229x1536.jpeg 1229w, https:\/\/www.livemag.it\/wp-content\/uploads\/2021\/05\/FP6.jpeg 1440w\" sizes=\"(max-width: 819px) 100vw, 819px\" \/><\/a><\/figure><\/li><li class=\"blocks-gallery-item\"><figure><a href=\"http:\/\/www.livemag.it\/wp-content\/uploads\/2021\/05\/FP7.jpeg\"><img loading=\"lazy\" decoding=\"async\" width=\"683\" height=\"1024\" src=\"http:\/\/www.livemag.it\/wp-content\/uploads\/2021\/05\/FP7.jpeg\" alt=\"\" data-id=\"14835\" data-full-url=\"http:\/\/www.livemag.it\/wp-content\/uploads\/2021\/05\/FP7.jpeg\" data-link=\"https:\/\/www.livemag.it\/?attachment_id=14835\" class=\"wp-image-14835\" srcset=\"https:\/\/www.livemag.it\/wp-content\/uploads\/2021\/05\/FP7.jpeg 683w, https:\/\/www.livemag.it\/wp-content\/uploads\/2021\/05\/FP7-200x300.jpeg 200w\" sizes=\"(max-width: 683px) 100vw, 683px\" \/><\/a><\/figure><\/li><li class=\"blocks-gallery-item\"><figure><a href=\"http:\/\/www.livemag.it\/wp-content\/uploads\/2021\/05\/FP8.jpeg\"><img decoding=\"async\" src=\"http:\/\/www.livemag.it\/wp-content\/uploads\/2021\/05\/FP8-819x1024.jpeg\" alt=\"\" data-id=\"14836\" data-full-url=\"http:\/\/www.livemag.it\/wp-content\/uploads\/2021\/05\/FP8.jpeg\" data-link=\"https:\/\/www.livemag.it\/?attachment_id=14836\" class=\"wp-image-14836\"\/><\/a><\/figure><\/li><\/ul><\/figure>\n","protected":false},"excerpt":{"rendered":"<p>Federica Pacela sceglie il sound reggaeton per il suo esordio discografico. Con questo primo singolo, l\u2019influencer da un milione di follower avvia una nuova avventura professionale, decidendo di seguire una sua grande passione: la musica.&nbsp; \u2028\u00abMi impegno al massimo in tutto quello che faccio e ho sempre bisogno di nuove avventure. Non sopporto la routine, [&hellip;]<\/p>\n","protected":false},"author":1,"featured_media":14836,"comment_status":"open","ping_status":"open","sticky":false,"template":"","format":"standard","meta":{"jnews-multi-image_gallery":[],"jnews_single_post":[],"jnews_primary_category":[],"jnews_social_meta":[],"jnews_override_counter":[],"jnews_post_split":[],"footnotes":""},"categories":[8,83],"tags":[81,174,584],"class_list":["post-14831","post","type-post","status-publish","format-standard","has-post-thumbnail","hentry","category-livemusic","category-livevip","tag-instagram","tag-musica","tag-reality-show"],"yoast_head":"<!-- This site is optimized with the Yoast SEO plugin v27.5 - https:\/\/yoast.com\/product\/yoast-seo-wordpress\/ -->\n<title>&quot;Vai col tanga&quot;, l&#039;esordio musicale di Federica Pacela - Live Magazine<\/title>\n<meta name=\"robots\" content=\"index, follow, max-snippet:-1, max-image-preview:large, max-video-preview:-1\" \/>\n<link rel=\"canonical\" href=\"https:\/\/www.livemag.it\/index.php\/2021\/05\/12\/vai-col-tanga-lesordio-musicale-di-federica-pacela\/\" \/>\n<meta property=\"og:locale\" content=\"it_IT\" \/>\n<meta property=\"og:type\" content=\"article\" \/>\n<meta property=\"og:title\" content=\"&quot;Vai col tanga&quot;, l&#039;esordio musicale di Federica Pacela - Live Magazine\" \/>\n<meta property=\"og:description\" content=\"Federica Pacela sceglie il sound reggaeton per il suo esordio discografico. Con questo primo singolo, l\u2019influencer da un milione di follower avvia una nuova avventura professionale, decidendo di seguire una sua grande passione: la musica.&nbsp; \u2028\u00abMi impegno al massimo in tutto quello che faccio e ho sempre bisogno di nuove avventure. Non sopporto la routine, [&hellip;]\" \/>\n<meta property=\"og:url\" content=\"https:\/\/www.livemag.it\/index.php\/2021\/05\/12\/vai-col-tanga-lesordio-musicale-di-federica-pacela\/\" \/>\n<meta property=\"og:site_name\" content=\"Live Magazine\" \/>\n<meta property=\"article:publisher\" content=\"https:\/\/www.facebook.com\/LiveMag\/\" \/>\n<meta property=\"article:published_time\" content=\"2021-05-12T19:20:52+00:00\" \/>\n<meta property=\"article:modified_time\" content=\"2021-05-12T19:20:54+00:00\" \/>\n<meta property=\"og:image\" content=\"https:\/\/www.livemag.it\/wp-content\/uploads\/2021\/05\/FP8-e1620847243679.jpeg\" \/>\n\t<meta property=\"og:image:width\" content=\"1440\" \/>\n\t<meta property=\"og:image:height\" content=\"954\" \/>\n\t<meta property=\"og:image:type\" content=\"image\/jpeg\" \/>\n<meta name=\"author\" content=\"Redazione\" \/>\n<meta name=\"twitter:card\" content=\"summary_large_image\" \/>\n<meta name=\"twitter:creator\" content=\"@LiveNotizie\" \/>\n<meta name=\"twitter:site\" content=\"@LiveNotizie\" \/>\n<meta name=\"twitter:label1\" content=\"Scritto da\" \/>\n\t<meta name=\"twitter:data1\" content=\"Redazione\" \/>\n\t<meta name=\"twitter:label2\" content=\"Tempo di lettura stimato\" \/>\n\t<meta name=\"twitter:data2\" content=\"3 minuti\" \/>\n<script type=\"application\/ld+json\" class=\"yoast-schema-graph\">{\"@context\":\"https:\\\/\\\/schema.org\",\"@graph\":[{\"@type\":\"Article\",\"@id\":\"https:\\\/\\\/www.livemag.it\\\/index.php\\\/2021\\\/05\\\/12\\\/vai-col-tanga-lesordio-musicale-di-federica-pacela\\\/#article\",\"isPartOf\":{\"@id\":\"https:\\\/\\\/www.livemag.it\\\/index.php\\\/2021\\\/05\\\/12\\\/vai-col-tanga-lesordio-musicale-di-federica-pacela\\\/\"},\"author\":{\"name\":\"Redazione\",\"@id\":\"https:\\\/\\\/www.livemag.it\\\/#\\\/schema\\\/person\\\/7191e402a6eb1110174f9d71f53edea9\"},\"headline\":\"&#8220;Vai col tanga&#8221;, l&#8217;esordio musicale di Federica Pacela\",\"datePublished\":\"2021-05-12T19:20:52+00:00\",\"dateModified\":\"2021-05-12T19:20:54+00:00\",\"mainEntityOfPage\":{\"@id\":\"https:\\\/\\\/www.livemag.it\\\/index.php\\\/2021\\\/05\\\/12\\\/vai-col-tanga-lesordio-musicale-di-federica-pacela\\\/\"},\"wordCount\":337,\"commentCount\":0,\"publisher\":{\"@id\":\"https:\\\/\\\/www.livemag.it\\\/#organization\"},\"image\":{\"@id\":\"https:\\\/\\\/www.livemag.it\\\/index.php\\\/2021\\\/05\\\/12\\\/vai-col-tanga-lesordio-musicale-di-federica-pacela\\\/#primaryimage\"},\"thumbnailUrl\":\"https:\\\/\\\/www.livemag.it\\\/wp-content\\\/uploads\\\/2021\\\/05\\\/FP8-e1620847243679.jpeg\",\"keywords\":[\"instagram\",\"musica\",\"reality show\"],\"articleSection\":[\"LiveMusic\",\"LiveVIP\"],\"inLanguage\":\"it-IT\",\"potentialAction\":[{\"@type\":\"CommentAction\",\"name\":\"Comment\",\"target\":[\"https:\\\/\\\/www.livemag.it\\\/index.php\\\/2021\\\/05\\\/12\\\/vai-col-tanga-lesordio-musicale-di-federica-pacela\\\/#respond\"]}]},{\"@type\":\"WebPage\",\"@id\":\"https:\\\/\\\/www.livemag.it\\\/index.php\\\/2021\\\/05\\\/12\\\/vai-col-tanga-lesordio-musicale-di-federica-pacela\\\/\",\"url\":\"https:\\\/\\\/www.livemag.it\\\/index.php\\\/2021\\\/05\\\/12\\\/vai-col-tanga-lesordio-musicale-di-federica-pacela\\\/\",\"name\":\"\\\"Vai col tanga\\\", l'esordio musicale di Federica Pacela - Live Magazine\",\"isPartOf\":{\"@id\":\"https:\\\/\\\/www.livemag.it\\\/#website\"},\"primaryImageOfPage\":{\"@id\":\"https:\\\/\\\/www.livemag.it\\\/index.php\\\/2021\\\/05\\\/12\\\/vai-col-tanga-lesordio-musicale-di-federica-pacela\\\/#primaryimage\"},\"image\":{\"@id\":\"https:\\\/\\\/www.livemag.it\\\/index.php\\\/2021\\\/05\\\/12\\\/vai-col-tanga-lesordio-musicale-di-federica-pacela\\\/#primaryimage\"},\"thumbnailUrl\":\"https:\\\/\\\/www.livemag.it\\\/wp-content\\\/uploads\\\/2021\\\/05\\\/FP8-e1620847243679.jpeg\",\"datePublished\":\"2021-05-12T19:20:52+00:00\",\"dateModified\":\"2021-05-12T19:20:54+00:00\",\"breadcrumb\":{\"@id\":\"https:\\\/\\\/www.livemag.it\\\/index.php\\\/2021\\\/05\\\/12\\\/vai-col-tanga-lesordio-musicale-di-federica-pacela\\\/#breadcrumb\"},\"inLanguage\":\"it-IT\",\"potentialAction\":[{\"@type\":\"ReadAction\",\"target\":[\"https:\\\/\\\/www.livemag.it\\\/index.php\\\/2021\\\/05\\\/12\\\/vai-col-tanga-lesordio-musicale-di-federica-pacela\\\/\"]}]},{\"@type\":\"ImageObject\",\"inLanguage\":\"it-IT\",\"@id\":\"https:\\\/\\\/www.livemag.it\\\/index.php\\\/2021\\\/05\\\/12\\\/vai-col-tanga-lesordio-musicale-di-federica-pacela\\\/#primaryimage\",\"url\":\"https:\\\/\\\/www.livemag.it\\\/wp-content\\\/uploads\\\/2021\\\/05\\\/FP8-e1620847243679.jpeg\",\"contentUrl\":\"https:\\\/\\\/www.livemag.it\\\/wp-content\\\/uploads\\\/2021\\\/05\\\/FP8-e1620847243679.jpeg\",\"width\":1440,\"height\":954},{\"@type\":\"BreadcrumbList\",\"@id\":\"https:\\\/\\\/www.livemag.it\\\/index.php\\\/2021\\\/05\\\/12\\\/vai-col-tanga-lesordio-musicale-di-federica-pacela\\\/#breadcrumb\",\"itemListElement\":[{\"@type\":\"ListItem\",\"position\":1,\"name\":\"Home\",\"item\":\"https:\\\/\\\/www.livemag.it\\\/\"},{\"@type\":\"ListItem\",\"position\":2,\"name\":\"&#8220;Vai col tanga&#8221;, l&#8217;esordio musicale di Federica Pacela\"}]},{\"@type\":\"WebSite\",\"@id\":\"https:\\\/\\\/www.livemag.it\\\/#website\",\"url\":\"https:\\\/\\\/www.livemag.it\\\/\",\"name\":\"Live Magazine\",\"description\":\"Varie ed eventi\",\"publisher\":{\"@id\":\"https:\\\/\\\/www.livemag.it\\\/#organization\"},\"potentialAction\":[{\"@type\":\"SearchAction\",\"target\":{\"@type\":\"EntryPoint\",\"urlTemplate\":\"https:\\\/\\\/www.livemag.it\\\/?s={search_term_string}\"},\"query-input\":{\"@type\":\"PropertyValueSpecification\",\"valueRequired\":true,\"valueName\":\"search_term_string\"}}],\"inLanguage\":\"it-IT\"},{\"@type\":\"Organization\",\"@id\":\"https:\\\/\\\/www.livemag.it\\\/#organization\",\"name\":\"LiveMag\",\"alternateName\":\"LiveMag News ed eventi\",\"url\":\"https:\\\/\\\/www.livemag.it\\\/\",\"logo\":{\"@type\":\"ImageObject\",\"inLanguage\":\"it-IT\",\"@id\":\"https:\\\/\\\/www.livemag.it\\\/#\\\/schema\\\/logo\\\/image\\\/\",\"url\":\"https:\\\/\\\/www.livemag.it\\\/wp-content\\\/uploads\\\/2024\\\/02\\\/immagine-sito.jpg\",\"contentUrl\":\"https:\\\/\\\/www.livemag.it\\\/wp-content\\\/uploads\\\/2024\\\/02\\\/immagine-sito.jpg\",\"width\":696,\"height\":696,\"caption\":\"LiveMag\"},\"image\":{\"@id\":\"https:\\\/\\\/www.livemag.it\\\/#\\\/schema\\\/logo\\\/image\\\/\"},\"sameAs\":[\"https:\\\/\\\/www.facebook.com\\\/LiveMag\\\/\",\"https:\\\/\\\/x.com\\\/LiveNotizie\",\"https:\\\/\\\/www.instagram.com\\\/livemag\\\/\"]},{\"@type\":\"Person\",\"@id\":\"https:\\\/\\\/www.livemag.it\\\/#\\\/schema\\\/person\\\/7191e402a6eb1110174f9d71f53edea9\",\"name\":\"Redazione\",\"image\":{\"@type\":\"ImageObject\",\"inLanguage\":\"it-IT\",\"@id\":\"https:\\\/\\\/secure.gravatar.com\\\/avatar\\\/b20eb33510695f1259c3f61c8dfc966b174a5d33f605fb2d514d9b271222597e?s=96&r=g\",\"url\":\"https:\\\/\\\/secure.gravatar.com\\\/avatar\\\/b20eb33510695f1259c3f61c8dfc966b174a5d33f605fb2d514d9b271222597e?s=96&r=g\",\"contentUrl\":\"https:\\\/\\\/secure.gravatar.com\\\/avatar\\\/b20eb33510695f1259c3f61c8dfc966b174a5d33f605fb2d514d9b271222597e?s=96&r=g\",\"caption\":\"Redazione\"},\"url\":\"https:\\\/\\\/www.livemag.it\\\/index.php\\\/author\\\/admin6640\\\/\"}]}<\/script>\n<!-- \/ Yoast SEO plugin. -->","yoast_head_json":{"title":"\"Vai col tanga\", l'esordio musicale di Federica Pacela - Live Magazine","robots":{"index":"index","follow":"follow","max-snippet":"max-snippet:-1","max-image-preview":"max-image-preview:large","max-video-preview":"max-video-preview:-1"},"canonical":"https:\/\/www.livemag.it\/index.php\/2021\/05\/12\/vai-col-tanga-lesordio-musicale-di-federica-pacela\/","og_locale":"it_IT","og_type":"article","og_title":"\"Vai col tanga\", l'esordio musicale di Federica Pacela - Live Magazine","og_description":"Federica Pacela sceglie il sound reggaeton per il suo esordio discografico. Con questo primo singolo, l\u2019influencer da un milione di follower avvia una nuova avventura professionale, decidendo di seguire una sua grande passione: la musica.&nbsp; \u2028\u00abMi impegno al massimo in tutto quello che faccio e ho sempre bisogno di nuove avventure. Non sopporto la routine, [&hellip;]","og_url":"https:\/\/www.livemag.it\/index.php\/2021\/05\/12\/vai-col-tanga-lesordio-musicale-di-federica-pacela\/","og_site_name":"Live Magazine","article_publisher":"https:\/\/www.facebook.com\/LiveMag\/","article_published_time":"2021-05-12T19:20:52+00:00","article_modified_time":"2021-05-12T19:20:54+00:00","og_image":[{"width":1440,"height":954,"url":"https:\/\/www.livemag.it\/wp-content\/uploads\/2021\/05\/FP8-e1620847243679.jpeg","type":"image\/jpeg"}],"author":"Redazione","twitter_card":"summary_large_image","twitter_creator":"@LiveNotizie","twitter_site":"@LiveNotizie","twitter_misc":{"Scritto da":"Redazione","Tempo di lettura stimato":"3 minuti"},"schema":{"@context":"https:\/\/schema.org","@graph":[{"@type":"Article","@id":"https:\/\/www.livemag.it\/index.php\/2021\/05\/12\/vai-col-tanga-lesordio-musicale-di-federica-pacela\/#article","isPartOf":{"@id":"https:\/\/www.livemag.it\/index.php\/2021\/05\/12\/vai-col-tanga-lesordio-musicale-di-federica-pacela\/"},"author":{"name":"Redazione","@id":"https:\/\/www.livemag.it\/#\/schema\/person\/7191e402a6eb1110174f9d71f53edea9"},"headline":"&#8220;Vai col tanga&#8221;, l&#8217;esordio musicale di Federica Pacela","datePublished":"2021-05-12T19:20:52+00:00","dateModified":"2021-05-12T19:20:54+00:00","mainEntityOfPage":{"@id":"https:\/\/www.livemag.it\/index.php\/2021\/05\/12\/vai-col-tanga-lesordio-musicale-di-federica-pacela\/"},"wordCount":337,"commentCount":0,"publisher":{"@id":"https:\/\/www.livemag.it\/#organization"},"image":{"@id":"https:\/\/www.livemag.it\/index.php\/2021\/05\/12\/vai-col-tanga-lesordio-musicale-di-federica-pacela\/#primaryimage"},"thumbnailUrl":"https:\/\/www.livemag.it\/wp-content\/uploads\/2021\/05\/FP8-e1620847243679.jpeg","keywords":["instagram","musica","reality show"],"articleSection":["LiveMusic","LiveVIP"],"inLanguage":"it-IT","potentialAction":[{"@type":"CommentAction","name":"Comment","target":["https:\/\/www.livemag.it\/index.php\/2021\/05\/12\/vai-col-tanga-lesordio-musicale-di-federica-pacela\/#respond"]}]},{"@type":"WebPage","@id":"https:\/\/www.livemag.it\/index.php\/2021\/05\/12\/vai-col-tanga-lesordio-musicale-di-federica-pacela\/","url":"https:\/\/www.livemag.it\/index.php\/2021\/05\/12\/vai-col-tanga-lesordio-musicale-di-federica-pacela\/","name":"\"Vai col tanga\", l'esordio musicale di Federica Pacela - Live Magazine","isPartOf":{"@id":"https:\/\/www.livemag.it\/#website"},"primaryImageOfPage":{"@id":"https:\/\/www.livemag.it\/index.php\/2021\/05\/12\/vai-col-tanga-lesordio-musicale-di-federica-pacela\/#primaryimage"},"image":{"@id":"https:\/\/www.livemag.it\/index.php\/2021\/05\/12\/vai-col-tanga-lesordio-musicale-di-federica-pacela\/#primaryimage"},"thumbnailUrl":"https:\/\/www.livemag.it\/wp-content\/uploads\/2021\/05\/FP8-e1620847243679.jpeg","datePublished":"2021-05-12T19:20:52+00:00","dateModified":"2021-05-12T19:20:54+00:00","breadcrumb":{"@id":"https:\/\/www.livemag.it\/index.php\/2021\/05\/12\/vai-col-tanga-lesordio-musicale-di-federica-pacela\/#breadcrumb"},"inLanguage":"it-IT","potentialAction":[{"@type":"ReadAction","target":["https:\/\/www.livemag.it\/index.php\/2021\/05\/12\/vai-col-tanga-lesordio-musicale-di-federica-pacela\/"]}]},{"@type":"ImageObject","inLanguage":"it-IT","@id":"https:\/\/www.livemag.it\/index.php\/2021\/05\/12\/vai-col-tanga-lesordio-musicale-di-federica-pacela\/#primaryimage","url":"https:\/\/www.livemag.it\/wp-content\/uploads\/2021\/05\/FP8-e1620847243679.jpeg","contentUrl":"https:\/\/www.livemag.it\/wp-content\/uploads\/2021\/05\/FP8-e1620847243679.jpeg","width":1440,"height":954},{"@type":"BreadcrumbList","@id":"https:\/\/www.livemag.it\/index.php\/2021\/05\/12\/vai-col-tanga-lesordio-musicale-di-federica-pacela\/#breadcrumb","itemListElement":[{"@type":"ListItem","position":1,"name":"Home","item":"https:\/\/www.livemag.it\/"},{"@type":"ListItem","position":2,"name":"&#8220;Vai col tanga&#8221;, l&#8217;esordio musicale di Federica Pacela"}]},{"@type":"WebSite","@id":"https:\/\/www.livemag.it\/#website","url":"https:\/\/www.livemag.it\/","name":"Live Magazine","description":"Varie ed eventi","publisher":{"@id":"https:\/\/www.livemag.it\/#organization"},"potentialAction":[{"@type":"SearchAction","target":{"@type":"EntryPoint","urlTemplate":"https:\/\/www.livemag.it\/?s={search_term_string}"},"query-input":{"@type":"PropertyValueSpecification","valueRequired":true,"valueName":"search_term_string"}}],"inLanguage":"it-IT"},{"@type":"Organization","@id":"https:\/\/www.livemag.it\/#organization","name":"LiveMag","alternateName":"LiveMag News ed eventi","url":"https:\/\/www.livemag.it\/","logo":{"@type":"ImageObject","inLanguage":"it-IT","@id":"https:\/\/www.livemag.it\/#\/schema\/logo\/image\/","url":"https:\/\/www.livemag.it\/wp-content\/uploads\/2024\/02\/immagine-sito.jpg","contentUrl":"https:\/\/www.livemag.it\/wp-content\/uploads\/2024\/02\/immagine-sito.jpg","width":696,"height":696,"caption":"LiveMag"},"image":{"@id":"https:\/\/www.livemag.it\/#\/schema\/logo\/image\/"},"sameAs":["https:\/\/www.facebook.com\/LiveMag\/","https:\/\/x.com\/LiveNotizie","https:\/\/www.instagram.com\/livemag\/"]},{"@type":"Person","@id":"https:\/\/www.livemag.it\/#\/schema\/person\/7191e402a6eb1110174f9d71f53edea9","name":"Redazione","image":{"@type":"ImageObject","inLanguage":"it-IT","@id":"https:\/\/secure.gravatar.com\/avatar\/b20eb33510695f1259c3f61c8dfc966b174a5d33f605fb2d514d9b271222597e?s=96&r=g","url":"https:\/\/secure.gravatar.com\/avatar\/b20eb33510695f1259c3f61c8dfc966b174a5d33f605fb2d514d9b271222597e?s=96&r=g","contentUrl":"https:\/\/secure.gravatar.com\/avatar\/b20eb33510695f1259c3f61c8dfc966b174a5d33f605fb2d514d9b271222597e?s=96&r=g","caption":"Redazione"},"url":"https:\/\/www.livemag.it\/index.php\/author\/admin6640\/"}]}},"jetpack_featured_media_url":"https:\/\/www.livemag.it\/wp-content\/uploads\/2021\/05\/FP8-e1620847243679.jpeg","_links":{"self":[{"href":"https:\/\/www.livemag.it\/index.php\/wp-json\/wp\/v2\/posts\/14831","targetHints":{"allow":["GET"]}}],"collection":[{"href":"https:\/\/www.livemag.it\/index.php\/wp-json\/wp\/v2\/posts"}],"about":[{"href":"https:\/\/www.livemag.it\/index.php\/wp-json\/wp\/v2\/types\/post"}],"author":[{"embeddable":true,"href":"https:\/\/www.livemag.it\/index.php\/wp-json\/wp\/v2\/users\/1"}],"replies":[{"embeddable":true,"href":"https:\/\/www.livemag.it\/index.php\/wp-json\/wp\/v2\/comments?post=14831"}],"version-history":[{"count":1,"href":"https:\/\/www.livemag.it\/index.php\/wp-json\/wp\/v2\/posts\/14831\/revisions"}],"predecessor-version":[{"id":14837,"href":"https:\/\/www.livemag.it\/index.php\/wp-json\/wp\/v2\/posts\/14831\/revisions\/14837"}],"wp:featuredmedia":[{"embeddable":true,"href":"https:\/\/www.livemag.it\/index.php\/wp-json\/wp\/v2\/media\/14836"}],"wp:attachment":[{"href":"https:\/\/www.livemag.it\/index.php\/wp-json\/wp\/v2\/media?parent=14831"}],"wp:term":[{"taxonomy":"category","embeddable":true,"href":"https:\/\/www.livemag.it\/index.php\/wp-json\/wp\/v2\/categories?post=14831"},{"taxonomy":"post_tag","embeddable":true,"href":"https:\/\/www.livemag.it\/index.php\/wp-json\/wp\/v2\/tags?post=14831"}],"curies":[{"name":"wp","href":"https:\/\/api.w.org\/{rel}","templated":true}]}}