{"id":14305,"date":"2021-03-27T15:10:55","date_gmt":"2021-03-27T14:10:55","guid":{"rendered":"https:\/\/www.livemag.it\/?p=14305"},"modified":"2021-03-27T15:10:56","modified_gmt":"2021-03-27T14:10:56","slug":"raisa-mihailescu-viaggi-e-voglia-di-tv","status":"publish","type":"post","link":"https:\/\/www.livemag.it\/index.php\/2021\/03\/27\/raisa-mihailescu-viaggi-e-voglia-di-tv\/","title":{"rendered":"Raisa Mihailescu, viaggi e voglia di TV"},"content":{"rendered":"\n<p>Raisa\u00a0Mihailescu 20 anni, vive a Bergamo, si definisce determinata, testarda ma solare. Ha incominciato a posare presto, &#8220;A 16 anni sono stata contatta da un\u2019agenzia di moda di Milano, lavoravo principalmente come Hair model, dopo un anno ho proseguito da sola senza agenzia, perch\u00e9 venivo contatta su Instagram da fotografi. Ho anche fatto alcune pubblicit\u00e0 importanti per centri commerciali&#8221;.<\/p>\n\n\n\n<p>Raisa trascorre molto tempo sui social media &#8220;Come la maggior parte delle persone: ormai i social sono parte della nostra vita. Fin da quando andavo alle medie sono stata vittima di bullismo per l\u2019invidia di alcune compagne di classe. Una volta superato questo momento,  avere haters sui social non \u00e8 stato un problema perch\u00e9 ormai avevo capito come affrontare il problema, cio\u00e8 con indifferenza perch\u00e9 le persone parlano per invidia&#8221;.<\/p>\n\n\n\n<p>Foto sempre perfette, ma nella vita quotidiana come sei? &#8220;Sono una ragazza semplice. Mi piace il trucco leggero, solo con un po\u2019 di mascara. L\u2019outfit?  Dedico parecchio tempo per scegliere quello giusto ogni giorno&#8221;.<\/p>\n\n\n\n<p>Raisa ama molto viaggiare: &#8220;E&#8217; la mia passione pi\u00f9 grande. Uno dei viaggi pi\u00f9 belli che ho fatto \u00e8 stato a Fuerteventura insieme a mia madre. Un posto fantastico dove non c\u2019\u00e8 ancora il turismo di massa. Perfetto per chi vuole rilassarsi e godersi la natura, con un clima caldo tutto l\u2019anno. Ho anche un canale YouTube in cui faccio video dei miei viaggi (Tropical Travel). <\/p>\n\n\n\n<p>Nel futuro? &#8220;Realizzarmi come fotomodella e fare TV. Tra 10 anni? Famiglia e una mia attivit\u00e0&#8221;.<\/p>\n\n\n\n<figure class=\"wp-block-gallery columns-3 is-cropped wp-block-gallery-1 is-layout-flex wp-block-gallery-is-layout-flex\"><ul class=\"blocks-gallery-grid\"><li class=\"blocks-gallery-item\"><figure><a href=\"http:\/\/www.livemag.it\/wp-content\/uploads\/2021\/03\/image2-2-scaled.jpeg\"><img fetchpriority=\"high\" decoding=\"async\" width=\"1024\" height=\"683\" src=\"http:\/\/www.livemag.it\/wp-content\/uploads\/2021\/03\/image2-2-1024x683.jpeg\" alt=\"\" data-id=\"14306\" data-full-url=\"http:\/\/www.livemag.it\/wp-content\/uploads\/2021\/03\/image2-2-scaled.jpeg\" data-link=\"https:\/\/www.livemag.it\/?attachment_id=14306\" class=\"wp-image-14306\" srcset=\"https:\/\/www.livemag.it\/wp-content\/uploads\/2021\/03\/image2-2-1024x683.jpeg 1024w, https:\/\/www.livemag.it\/wp-content\/uploads\/2021\/03\/image2-2-300x200.jpeg 300w, https:\/\/www.livemag.it\/wp-content\/uploads\/2021\/03\/image2-2-768x512.jpeg 768w, https:\/\/www.livemag.it\/wp-content\/uploads\/2021\/03\/image2-2-1536x1024.jpeg 1536w, https:\/\/www.livemag.it\/wp-content\/uploads\/2021\/03\/image2-2-2048x1365.jpeg 2048w\" sizes=\"(max-width: 1024px) 100vw, 1024px\" \/><\/a><\/figure><\/li><li class=\"blocks-gallery-item\"><figure><a href=\"http:\/\/www.livemag.it\/wp-content\/uploads\/2021\/03\/image0-1-scaled.jpeg\"><img decoding=\"async\" width=\"683\" height=\"1024\" src=\"http:\/\/www.livemag.it\/wp-content\/uploads\/2021\/03\/image0-1-683x1024.jpeg\" alt=\"\" data-id=\"14307\" data-full-url=\"http:\/\/www.livemag.it\/wp-content\/uploads\/2021\/03\/image0-1-scaled.jpeg\" data-link=\"https:\/\/www.livemag.it\/?attachment_id=14307\" class=\"wp-image-14307\" srcset=\"https:\/\/www.livemag.it\/wp-content\/uploads\/2021\/03\/image0-1-683x1024.jpeg 683w, https:\/\/www.livemag.it\/wp-content\/uploads\/2021\/03\/image0-1-200x300.jpeg 200w, https:\/\/www.livemag.it\/wp-content\/uploads\/2021\/03\/image0-1-768x1152.jpeg 768w, https:\/\/www.livemag.it\/wp-content\/uploads\/2021\/03\/image0-1-1024x1536.jpeg 1024w, https:\/\/www.livemag.it\/wp-content\/uploads\/2021\/03\/image0-1-1365x2048.jpeg 1365w, https:\/\/www.livemag.it\/wp-content\/uploads\/2021\/03\/image0-1-scaled.jpeg 1707w\" sizes=\"(max-width: 683px) 100vw, 683px\" \/><\/a><\/figure><\/li><li class=\"blocks-gallery-item\"><figure><a href=\"http:\/\/www.livemag.it\/wp-content\/uploads\/2021\/03\/image4-2-scaled.jpeg\"><img decoding=\"async\" width=\"768\" height=\"1024\" src=\"http:\/\/www.livemag.it\/wp-content\/uploads\/2021\/03\/image4-2-768x1024.jpeg\" alt=\"\" data-id=\"14308\" data-full-url=\"http:\/\/www.livemag.it\/wp-content\/uploads\/2021\/03\/image4-2-scaled.jpeg\" data-link=\"https:\/\/www.livemag.it\/?attachment_id=14308\" class=\"wp-image-14308\" srcset=\"https:\/\/www.livemag.it\/wp-content\/uploads\/2021\/03\/image4-2-768x1024.jpeg 768w, https:\/\/www.livemag.it\/wp-content\/uploads\/2021\/03\/image4-2-225x300.jpeg 225w, https:\/\/www.livemag.it\/wp-content\/uploads\/2021\/03\/image4-2-1152x1536.jpeg 1152w, https:\/\/www.livemag.it\/wp-content\/uploads\/2021\/03\/image4-2-1536x2048.jpeg 1536w, https:\/\/www.livemag.it\/wp-content\/uploads\/2021\/03\/image4-2-scaled.jpeg 1920w\" sizes=\"(max-width: 768px) 100vw, 768px\" \/><\/a><\/figure><\/li><li class=\"blocks-gallery-item\"><figure><a href=\"http:\/\/www.livemag.it\/wp-content\/uploads\/2021\/03\/image5-3-scaled.jpeg\"><img loading=\"lazy\" decoding=\"async\" width=\"683\" height=\"1024\" src=\"http:\/\/www.livemag.it\/wp-content\/uploads\/2021\/03\/image5-3-683x1024.jpeg\" alt=\"\" data-id=\"14309\" data-full-url=\"http:\/\/www.livemag.it\/wp-content\/uploads\/2021\/03\/image5-3-scaled.jpeg\" data-link=\"https:\/\/www.livemag.it\/?attachment_id=14309\" class=\"wp-image-14309\" srcset=\"https:\/\/www.livemag.it\/wp-content\/uploads\/2021\/03\/image5-3-683x1024.jpeg 683w, https:\/\/www.livemag.it\/wp-content\/uploads\/2021\/03\/image5-3-200x300.jpeg 200w, https:\/\/www.livemag.it\/wp-content\/uploads\/2021\/03\/image5-3-768x1152.jpeg 768w, https:\/\/www.livemag.it\/wp-content\/uploads\/2021\/03\/image5-3-1024x1536.jpeg 1024w, https:\/\/www.livemag.it\/wp-content\/uploads\/2021\/03\/image5-3-1365x2048.jpeg 1365w, https:\/\/www.livemag.it\/wp-content\/uploads\/2021\/03\/image5-3-scaled.jpeg 1707w\" sizes=\"(max-width: 683px) 100vw, 683px\" \/><\/a><\/figure><\/li><li class=\"blocks-gallery-item\"><figure><a href=\"http:\/\/www.livemag.it\/wp-content\/uploads\/2021\/03\/image6-3.jpeg\"><img loading=\"lazy\" decoding=\"async\" width=\"683\" height=\"1024\" src=\"http:\/\/www.livemag.it\/wp-content\/uploads\/2021\/03\/image6-3-683x1024.jpeg\" alt=\"\" data-id=\"14310\" data-full-url=\"http:\/\/www.livemag.it\/wp-content\/uploads\/2021\/03\/image6-3.jpeg\" data-link=\"https:\/\/www.livemag.it\/?attachment_id=14310\" class=\"wp-image-14310\" srcset=\"https:\/\/www.livemag.it\/wp-content\/uploads\/2021\/03\/image6-3-683x1024.jpeg 683w, https:\/\/www.livemag.it\/wp-content\/uploads\/2021\/03\/image6-3-200x300.jpeg 200w, https:\/\/www.livemag.it\/wp-content\/uploads\/2021\/03\/image6-3-768x1152.jpeg 768w, https:\/\/www.livemag.it\/wp-content\/uploads\/2021\/03\/image6-3.jpeg 1000w\" sizes=\"(max-width: 683px) 100vw, 683px\" \/><\/a><\/figure><\/li><li class=\"blocks-gallery-item\"><figure><a href=\"http:\/\/www.livemag.it\/wp-content\/uploads\/2021\/03\/image7-2.jpeg\"><img loading=\"lazy\" decoding=\"async\" width=\"1024\" height=\"596\" src=\"http:\/\/www.livemag.it\/wp-content\/uploads\/2021\/03\/image7-2-1024x596.jpeg\" alt=\"\" data-id=\"14311\" data-full-url=\"http:\/\/www.livemag.it\/wp-content\/uploads\/2021\/03\/image7-2.jpeg\" data-link=\"https:\/\/www.livemag.it\/?attachment_id=14311\" class=\"wp-image-14311\" srcset=\"https:\/\/www.livemag.it\/wp-content\/uploads\/2021\/03\/image7-2-1024x596.jpeg 1024w, https:\/\/www.livemag.it\/wp-content\/uploads\/2021\/03\/image7-2-300x175.jpeg 300w, https:\/\/www.livemag.it\/wp-content\/uploads\/2021\/03\/image7-2-768x447.jpeg 768w, https:\/\/www.livemag.it\/wp-content\/uploads\/2021\/03\/image7-2.jpeg 1498w\" sizes=\"(max-width: 1024px) 100vw, 1024px\" \/><\/a><\/figure><\/li><li class=\"blocks-gallery-item\"><figure><a href=\"http:\/\/www.livemag.it\/wp-content\/uploads\/2021\/03\/image3-1.jpeg\"><img loading=\"lazy\" decoding=\"async\" width=\"683\" height=\"1024\" src=\"http:\/\/www.livemag.it\/wp-content\/uploads\/2021\/03\/image3-1-683x1024.jpeg\" alt=\"\" data-id=\"14312\" data-full-url=\"http:\/\/www.livemag.it\/wp-content\/uploads\/2021\/03\/image3-1.jpeg\" data-link=\"https:\/\/www.livemag.it\/?attachment_id=14312\" class=\"wp-image-14312\" srcset=\"https:\/\/www.livemag.it\/wp-content\/uploads\/2021\/03\/image3-1-683x1024.jpeg 683w, https:\/\/www.livemag.it\/wp-content\/uploads\/2021\/03\/image3-1-200x300.jpeg 200w, https:\/\/www.livemag.it\/wp-content\/uploads\/2021\/03\/image3-1-768x1152.jpeg 768w, https:\/\/www.livemag.it\/wp-content\/uploads\/2021\/03\/image3-1.jpeg 1000w\" sizes=\"(max-width: 683px) 100vw, 683px\" \/><\/a><\/figure><\/li><\/ul><\/figure>\n","protected":false},"excerpt":{"rendered":"<p>Raisa\u00a0Mihailescu 20 anni, vive a Bergamo, si definisce determinata, testarda ma solare. Ha incominciato a posare presto, &#8220;A 16 anni sono stata contatta da un\u2019agenzia di moda di Milano, lavoravo principalmente come Hair model, dopo un anno ho proseguito da sola senza agenzia, perch\u00e9 venivo contatta su Instagram da fotografi. Ho anche fatto alcune pubblicit\u00e0 [&hellip;]<\/p>\n","protected":false},"author":1,"featured_media":14310,"comment_status":"open","ping_status":"open","sticky":false,"template":"","format":"standard","meta":{"jnews-multi-image_gallery":[],"jnews_single_post":[],"jnews_primary_category":[],"jnews_social_meta":[],"jnews_override_counter":[],"jnews_post_split":[],"footnotes":""},"categories":[2],"tags":[81,603],"class_list":["post-14305","post","type-post","status-publish","format-standard","has-post-thumbnail","hentry","category-livepeople","tag-instagram","tag-you-tube"],"yoast_head":"<!-- This site is optimized with the Yoast SEO plugin v27.4 - https:\/\/yoast.com\/product\/yoast-seo-wordpress\/ -->\n<title>Raisa Mihailescu, viaggi e voglia di TV - Live Magazine<\/title>\n<meta name=\"robots\" content=\"index, follow, max-snippet:-1, max-image-preview:large, max-video-preview:-1\" \/>\n<link rel=\"canonical\" href=\"https:\/\/www.livemag.it\/index.php\/2021\/03\/27\/raisa-mihailescu-viaggi-e-voglia-di-tv\/\" \/>\n<meta property=\"og:locale\" content=\"it_IT\" \/>\n<meta property=\"og:type\" content=\"article\" \/>\n<meta property=\"og:title\" content=\"Raisa Mihailescu, viaggi e voglia di TV - Live Magazine\" \/>\n<meta property=\"og:description\" content=\"Raisa\u00a0Mihailescu 20 anni, vive a Bergamo, si definisce determinata, testarda ma solare. Ha incominciato a posare presto, &#8220;A 16 anni sono stata contatta da un\u2019agenzia di moda di Milano, lavoravo principalmente come Hair model, dopo un anno ho proseguito da sola senza agenzia, perch\u00e9 venivo contatta su Instagram da fotografi. Ho anche fatto alcune pubblicit\u00e0 [&hellip;]\" \/>\n<meta property=\"og:url\" content=\"https:\/\/www.livemag.it\/index.php\/2021\/03\/27\/raisa-mihailescu-viaggi-e-voglia-di-tv\/\" \/>\n<meta property=\"og:site_name\" content=\"Live Magazine\" \/>\n<meta property=\"article:publisher\" content=\"https:\/\/www.facebook.com\/LiveMag\/\" \/>\n<meta property=\"article:published_time\" content=\"2021-03-27T14:10:55+00:00\" \/>\n<meta property=\"article:modified_time\" content=\"2021-03-27T14:10:56+00:00\" \/>\n<meta property=\"og:image\" content=\"https:\/\/www.livemag.it\/wp-content\/uploads\/2021\/03\/image6-3.jpeg\" \/>\n\t<meta property=\"og:image:width\" content=\"1000\" \/>\n\t<meta property=\"og:image:height\" content=\"1500\" \/>\n\t<meta property=\"og:image:type\" content=\"image\/jpeg\" \/>\n<meta name=\"author\" content=\"Redazione\" \/>\n<meta name=\"twitter:card\" content=\"summary_large_image\" \/>\n<meta name=\"twitter:creator\" content=\"@LiveNotizie\" \/>\n<meta name=\"twitter:site\" content=\"@LiveNotizie\" \/>\n<meta name=\"twitter:label1\" content=\"Scritto da\" \/>\n\t<meta name=\"twitter:data1\" content=\"Redazione\" \/>\n\t<meta name=\"twitter:label2\" content=\"Tempo di lettura stimato\" \/>\n\t<meta name=\"twitter:data2\" content=\"3 minuti\" \/>\n<script type=\"application\/ld+json\" class=\"yoast-schema-graph\">{\"@context\":\"https:\\\/\\\/schema.org\",\"@graph\":[{\"@type\":\"Article\",\"@id\":\"https:\\\/\\\/www.livemag.it\\\/index.php\\\/2021\\\/03\\\/27\\\/raisa-mihailescu-viaggi-e-voglia-di-tv\\\/#article\",\"isPartOf\":{\"@id\":\"https:\\\/\\\/www.livemag.it\\\/index.php\\\/2021\\\/03\\\/27\\\/raisa-mihailescu-viaggi-e-voglia-di-tv\\\/\"},\"author\":{\"name\":\"Redazione\",\"@id\":\"https:\\\/\\\/www.livemag.it\\\/#\\\/schema\\\/person\\\/7191e402a6eb1110174f9d71f53edea9\"},\"headline\":\"Raisa Mihailescu, viaggi e voglia di TV\",\"datePublished\":\"2021-03-27T14:10:55+00:00\",\"dateModified\":\"2021-03-27T14:10:56+00:00\",\"mainEntityOfPage\":{\"@id\":\"https:\\\/\\\/www.livemag.it\\\/index.php\\\/2021\\\/03\\\/27\\\/raisa-mihailescu-viaggi-e-voglia-di-tv\\\/\"},\"wordCount\":252,\"commentCount\":0,\"publisher\":{\"@id\":\"https:\\\/\\\/www.livemag.it\\\/#organization\"},\"image\":{\"@id\":\"https:\\\/\\\/www.livemag.it\\\/index.php\\\/2021\\\/03\\\/27\\\/raisa-mihailescu-viaggi-e-voglia-di-tv\\\/#primaryimage\"},\"thumbnailUrl\":\"https:\\\/\\\/www.livemag.it\\\/wp-content\\\/uploads\\\/2021\\\/03\\\/image6-3.jpeg\",\"keywords\":[\"instagram\",\"you tube\"],\"articleSection\":[\"LivePeople\"],\"inLanguage\":\"it-IT\",\"potentialAction\":[{\"@type\":\"CommentAction\",\"name\":\"Comment\",\"target\":[\"https:\\\/\\\/www.livemag.it\\\/index.php\\\/2021\\\/03\\\/27\\\/raisa-mihailescu-viaggi-e-voglia-di-tv\\\/#respond\"]}]},{\"@type\":\"WebPage\",\"@id\":\"https:\\\/\\\/www.livemag.it\\\/index.php\\\/2021\\\/03\\\/27\\\/raisa-mihailescu-viaggi-e-voglia-di-tv\\\/\",\"url\":\"https:\\\/\\\/www.livemag.it\\\/index.php\\\/2021\\\/03\\\/27\\\/raisa-mihailescu-viaggi-e-voglia-di-tv\\\/\",\"name\":\"Raisa Mihailescu, viaggi e voglia di TV - Live Magazine\",\"isPartOf\":{\"@id\":\"https:\\\/\\\/www.livemag.it\\\/#website\"},\"primaryImageOfPage\":{\"@id\":\"https:\\\/\\\/www.livemag.it\\\/index.php\\\/2021\\\/03\\\/27\\\/raisa-mihailescu-viaggi-e-voglia-di-tv\\\/#primaryimage\"},\"image\":{\"@id\":\"https:\\\/\\\/www.livemag.it\\\/index.php\\\/2021\\\/03\\\/27\\\/raisa-mihailescu-viaggi-e-voglia-di-tv\\\/#primaryimage\"},\"thumbnailUrl\":\"https:\\\/\\\/www.livemag.it\\\/wp-content\\\/uploads\\\/2021\\\/03\\\/image6-3.jpeg\",\"datePublished\":\"2021-03-27T14:10:55+00:00\",\"dateModified\":\"2021-03-27T14:10:56+00:00\",\"breadcrumb\":{\"@id\":\"https:\\\/\\\/www.livemag.it\\\/index.php\\\/2021\\\/03\\\/27\\\/raisa-mihailescu-viaggi-e-voglia-di-tv\\\/#breadcrumb\"},\"inLanguage\":\"it-IT\",\"potentialAction\":[{\"@type\":\"ReadAction\",\"target\":[\"https:\\\/\\\/www.livemag.it\\\/index.php\\\/2021\\\/03\\\/27\\\/raisa-mihailescu-viaggi-e-voglia-di-tv\\\/\"]}]},{\"@type\":\"ImageObject\",\"inLanguage\":\"it-IT\",\"@id\":\"https:\\\/\\\/www.livemag.it\\\/index.php\\\/2021\\\/03\\\/27\\\/raisa-mihailescu-viaggi-e-voglia-di-tv\\\/#primaryimage\",\"url\":\"https:\\\/\\\/www.livemag.it\\\/wp-content\\\/uploads\\\/2021\\\/03\\\/image6-3.jpeg\",\"contentUrl\":\"https:\\\/\\\/www.livemag.it\\\/wp-content\\\/uploads\\\/2021\\\/03\\\/image6-3.jpeg\",\"width\":1000,\"height\":1500},{\"@type\":\"BreadcrumbList\",\"@id\":\"https:\\\/\\\/www.livemag.it\\\/index.php\\\/2021\\\/03\\\/27\\\/raisa-mihailescu-viaggi-e-voglia-di-tv\\\/#breadcrumb\",\"itemListElement\":[{\"@type\":\"ListItem\",\"position\":1,\"name\":\"Home\",\"item\":\"https:\\\/\\\/www.livemag.it\\\/\"},{\"@type\":\"ListItem\",\"position\":2,\"name\":\"Raisa Mihailescu, viaggi e voglia di TV\"}]},{\"@type\":\"WebSite\",\"@id\":\"https:\\\/\\\/www.livemag.it\\\/#website\",\"url\":\"https:\\\/\\\/www.livemag.it\\\/\",\"name\":\"Live Magazine\",\"description\":\"Varie ed eventi\",\"publisher\":{\"@id\":\"https:\\\/\\\/www.livemag.it\\\/#organization\"},\"potentialAction\":[{\"@type\":\"SearchAction\",\"target\":{\"@type\":\"EntryPoint\",\"urlTemplate\":\"https:\\\/\\\/www.livemag.it\\\/?s={search_term_string}\"},\"query-input\":{\"@type\":\"PropertyValueSpecification\",\"valueRequired\":true,\"valueName\":\"search_term_string\"}}],\"inLanguage\":\"it-IT\"},{\"@type\":\"Organization\",\"@id\":\"https:\\\/\\\/www.livemag.it\\\/#organization\",\"name\":\"LiveMag\",\"alternateName\":\"LiveMag News ed eventi\",\"url\":\"https:\\\/\\\/www.livemag.it\\\/\",\"logo\":{\"@type\":\"ImageObject\",\"inLanguage\":\"it-IT\",\"@id\":\"https:\\\/\\\/www.livemag.it\\\/#\\\/schema\\\/logo\\\/image\\\/\",\"url\":\"https:\\\/\\\/www.livemag.it\\\/wp-content\\\/uploads\\\/2024\\\/02\\\/immagine-sito.jpg\",\"contentUrl\":\"https:\\\/\\\/www.livemag.it\\\/wp-content\\\/uploads\\\/2024\\\/02\\\/immagine-sito.jpg\",\"width\":696,\"height\":696,\"caption\":\"LiveMag\"},\"image\":{\"@id\":\"https:\\\/\\\/www.livemag.it\\\/#\\\/schema\\\/logo\\\/image\\\/\"},\"sameAs\":[\"https:\\\/\\\/www.facebook.com\\\/LiveMag\\\/\",\"https:\\\/\\\/x.com\\\/LiveNotizie\",\"https:\\\/\\\/www.instagram.com\\\/livemag\\\/\"]},{\"@type\":\"Person\",\"@id\":\"https:\\\/\\\/www.livemag.it\\\/#\\\/schema\\\/person\\\/7191e402a6eb1110174f9d71f53edea9\",\"name\":\"Redazione\",\"image\":{\"@type\":\"ImageObject\",\"inLanguage\":\"it-IT\",\"@id\":\"https:\\\/\\\/secure.gravatar.com\\\/avatar\\\/b20eb33510695f1259c3f61c8dfc966b174a5d33f605fb2d514d9b271222597e?s=96&r=g\",\"url\":\"https:\\\/\\\/secure.gravatar.com\\\/avatar\\\/b20eb33510695f1259c3f61c8dfc966b174a5d33f605fb2d514d9b271222597e?s=96&r=g\",\"contentUrl\":\"https:\\\/\\\/secure.gravatar.com\\\/avatar\\\/b20eb33510695f1259c3f61c8dfc966b174a5d33f605fb2d514d9b271222597e?s=96&r=g\",\"caption\":\"Redazione\"},\"url\":\"https:\\\/\\\/www.livemag.it\\\/index.php\\\/author\\\/admin6640\\\/\"}]}<\/script>\n<!-- \/ Yoast SEO plugin. -->","yoast_head_json":{"title":"Raisa Mihailescu, viaggi e voglia di TV - Live Magazine","robots":{"index":"index","follow":"follow","max-snippet":"max-snippet:-1","max-image-preview":"max-image-preview:large","max-video-preview":"max-video-preview:-1"},"canonical":"https:\/\/www.livemag.it\/index.php\/2021\/03\/27\/raisa-mihailescu-viaggi-e-voglia-di-tv\/","og_locale":"it_IT","og_type":"article","og_title":"Raisa Mihailescu, viaggi e voglia di TV - Live Magazine","og_description":"Raisa\u00a0Mihailescu 20 anni, vive a Bergamo, si definisce determinata, testarda ma solare. Ha incominciato a posare presto, &#8220;A 16 anni sono stata contatta da un\u2019agenzia di moda di Milano, lavoravo principalmente come Hair model, dopo un anno ho proseguito da sola senza agenzia, perch\u00e9 venivo contatta su Instagram da fotografi. Ho anche fatto alcune pubblicit\u00e0 [&hellip;]","og_url":"https:\/\/www.livemag.it\/index.php\/2021\/03\/27\/raisa-mihailescu-viaggi-e-voglia-di-tv\/","og_site_name":"Live Magazine","article_publisher":"https:\/\/www.facebook.com\/LiveMag\/","article_published_time":"2021-03-27T14:10:55+00:00","article_modified_time":"2021-03-27T14:10:56+00:00","og_image":[{"width":1000,"height":1500,"url":"https:\/\/www.livemag.it\/wp-content\/uploads\/2021\/03\/image6-3.jpeg","type":"image\/jpeg"}],"author":"Redazione","twitter_card":"summary_large_image","twitter_creator":"@LiveNotizie","twitter_site":"@LiveNotizie","twitter_misc":{"Scritto da":"Redazione","Tempo di lettura stimato":"3 minuti"},"schema":{"@context":"https:\/\/schema.org","@graph":[{"@type":"Article","@id":"https:\/\/www.livemag.it\/index.php\/2021\/03\/27\/raisa-mihailescu-viaggi-e-voglia-di-tv\/#article","isPartOf":{"@id":"https:\/\/www.livemag.it\/index.php\/2021\/03\/27\/raisa-mihailescu-viaggi-e-voglia-di-tv\/"},"author":{"name":"Redazione","@id":"https:\/\/www.livemag.it\/#\/schema\/person\/7191e402a6eb1110174f9d71f53edea9"},"headline":"Raisa Mihailescu, viaggi e voglia di TV","datePublished":"2021-03-27T14:10:55+00:00","dateModified":"2021-03-27T14:10:56+00:00","mainEntityOfPage":{"@id":"https:\/\/www.livemag.it\/index.php\/2021\/03\/27\/raisa-mihailescu-viaggi-e-voglia-di-tv\/"},"wordCount":252,"commentCount":0,"publisher":{"@id":"https:\/\/www.livemag.it\/#organization"},"image":{"@id":"https:\/\/www.livemag.it\/index.php\/2021\/03\/27\/raisa-mihailescu-viaggi-e-voglia-di-tv\/#primaryimage"},"thumbnailUrl":"https:\/\/www.livemag.it\/wp-content\/uploads\/2021\/03\/image6-3.jpeg","keywords":["instagram","you tube"],"articleSection":["LivePeople"],"inLanguage":"it-IT","potentialAction":[{"@type":"CommentAction","name":"Comment","target":["https:\/\/www.livemag.it\/index.php\/2021\/03\/27\/raisa-mihailescu-viaggi-e-voglia-di-tv\/#respond"]}]},{"@type":"WebPage","@id":"https:\/\/www.livemag.it\/index.php\/2021\/03\/27\/raisa-mihailescu-viaggi-e-voglia-di-tv\/","url":"https:\/\/www.livemag.it\/index.php\/2021\/03\/27\/raisa-mihailescu-viaggi-e-voglia-di-tv\/","name":"Raisa Mihailescu, viaggi e voglia di TV - Live Magazine","isPartOf":{"@id":"https:\/\/www.livemag.it\/#website"},"primaryImageOfPage":{"@id":"https:\/\/www.livemag.it\/index.php\/2021\/03\/27\/raisa-mihailescu-viaggi-e-voglia-di-tv\/#primaryimage"},"image":{"@id":"https:\/\/www.livemag.it\/index.php\/2021\/03\/27\/raisa-mihailescu-viaggi-e-voglia-di-tv\/#primaryimage"},"thumbnailUrl":"https:\/\/www.livemag.it\/wp-content\/uploads\/2021\/03\/image6-3.jpeg","datePublished":"2021-03-27T14:10:55+00:00","dateModified":"2021-03-27T14:10:56+00:00","breadcrumb":{"@id":"https:\/\/www.livemag.it\/index.php\/2021\/03\/27\/raisa-mihailescu-viaggi-e-voglia-di-tv\/#breadcrumb"},"inLanguage":"it-IT","potentialAction":[{"@type":"ReadAction","target":["https:\/\/www.livemag.it\/index.php\/2021\/03\/27\/raisa-mihailescu-viaggi-e-voglia-di-tv\/"]}]},{"@type":"ImageObject","inLanguage":"it-IT","@id":"https:\/\/www.livemag.it\/index.php\/2021\/03\/27\/raisa-mihailescu-viaggi-e-voglia-di-tv\/#primaryimage","url":"https:\/\/www.livemag.it\/wp-content\/uploads\/2021\/03\/image6-3.jpeg","contentUrl":"https:\/\/www.livemag.it\/wp-content\/uploads\/2021\/03\/image6-3.jpeg","width":1000,"height":1500},{"@type":"BreadcrumbList","@id":"https:\/\/www.livemag.it\/index.php\/2021\/03\/27\/raisa-mihailescu-viaggi-e-voglia-di-tv\/#breadcrumb","itemListElement":[{"@type":"ListItem","position":1,"name":"Home","item":"https:\/\/www.livemag.it\/"},{"@type":"ListItem","position":2,"name":"Raisa Mihailescu, viaggi e voglia di TV"}]},{"@type":"WebSite","@id":"https:\/\/www.livemag.it\/#website","url":"https:\/\/www.livemag.it\/","name":"Live Magazine","description":"Varie ed eventi","publisher":{"@id":"https:\/\/www.livemag.it\/#organization"},"potentialAction":[{"@type":"SearchAction","target":{"@type":"EntryPoint","urlTemplate":"https:\/\/www.livemag.it\/?s={search_term_string}"},"query-input":{"@type":"PropertyValueSpecification","valueRequired":true,"valueName":"search_term_string"}}],"inLanguage":"it-IT"},{"@type":"Organization","@id":"https:\/\/www.livemag.it\/#organization","name":"LiveMag","alternateName":"LiveMag News ed eventi","url":"https:\/\/www.livemag.it\/","logo":{"@type":"ImageObject","inLanguage":"it-IT","@id":"https:\/\/www.livemag.it\/#\/schema\/logo\/image\/","url":"https:\/\/www.livemag.it\/wp-content\/uploads\/2024\/02\/immagine-sito.jpg","contentUrl":"https:\/\/www.livemag.it\/wp-content\/uploads\/2024\/02\/immagine-sito.jpg","width":696,"height":696,"caption":"LiveMag"},"image":{"@id":"https:\/\/www.livemag.it\/#\/schema\/logo\/image\/"},"sameAs":["https:\/\/www.facebook.com\/LiveMag\/","https:\/\/x.com\/LiveNotizie","https:\/\/www.instagram.com\/livemag\/"]},{"@type":"Person","@id":"https:\/\/www.livemag.it\/#\/schema\/person\/7191e402a6eb1110174f9d71f53edea9","name":"Redazione","image":{"@type":"ImageObject","inLanguage":"it-IT","@id":"https:\/\/secure.gravatar.com\/avatar\/b20eb33510695f1259c3f61c8dfc966b174a5d33f605fb2d514d9b271222597e?s=96&r=g","url":"https:\/\/secure.gravatar.com\/avatar\/b20eb33510695f1259c3f61c8dfc966b174a5d33f605fb2d514d9b271222597e?s=96&r=g","contentUrl":"https:\/\/secure.gravatar.com\/avatar\/b20eb33510695f1259c3f61c8dfc966b174a5d33f605fb2d514d9b271222597e?s=96&r=g","caption":"Redazione"},"url":"https:\/\/www.livemag.it\/index.php\/author\/admin6640\/"}]}},"jetpack_featured_media_url":"https:\/\/www.livemag.it\/wp-content\/uploads\/2021\/03\/image6-3.jpeg","_links":{"self":[{"href":"https:\/\/www.livemag.it\/index.php\/wp-json\/wp\/v2\/posts\/14305","targetHints":{"allow":["GET"]}}],"collection":[{"href":"https:\/\/www.livemag.it\/index.php\/wp-json\/wp\/v2\/posts"}],"about":[{"href":"https:\/\/www.livemag.it\/index.php\/wp-json\/wp\/v2\/types\/post"}],"author":[{"embeddable":true,"href":"https:\/\/www.livemag.it\/index.php\/wp-json\/wp\/v2\/users\/1"}],"replies":[{"embeddable":true,"href":"https:\/\/www.livemag.it\/index.php\/wp-json\/wp\/v2\/comments?post=14305"}],"version-history":[{"count":5,"href":"https:\/\/www.livemag.it\/index.php\/wp-json\/wp\/v2\/posts\/14305\/revisions"}],"predecessor-version":[{"id":14320,"href":"https:\/\/www.livemag.it\/index.php\/wp-json\/wp\/v2\/posts\/14305\/revisions\/14320"}],"wp:featuredmedia":[{"embeddable":true,"href":"https:\/\/www.livemag.it\/index.php\/wp-json\/wp\/v2\/media\/14310"}],"wp:attachment":[{"href":"https:\/\/www.livemag.it\/index.php\/wp-json\/wp\/v2\/media?parent=14305"}],"wp:term":[{"taxonomy":"category","embeddable":true,"href":"https:\/\/www.livemag.it\/index.php\/wp-json\/wp\/v2\/categories?post=14305"},{"taxonomy":"post_tag","embeddable":true,"href":"https:\/\/www.livemag.it\/index.php\/wp-json\/wp\/v2\/tags?post=14305"}],"curies":[{"name":"wp","href":"https:\/\/api.w.org\/{rel}","templated":true}]}}