{"id":13225,"date":"2020-12-16T16:59:21","date_gmt":"2020-12-16T15:59:21","guid":{"rendered":"https:\/\/www.livemag.it\/?p=13225"},"modified":"2020-12-16T17:01:41","modified_gmt":"2020-12-16T16:01:41","slug":"missionario-biellese-investito-a-padova-non-ce-lha-fatta","status":"publish","type":"post","link":"https:\/\/www.livemag.it\/index.php\/2020\/12\/16\/missionario-biellese-investito-a-padova-non-ce-lha-fatta\/","title":{"rendered":"Missionario biellese investito a Padova: non ce l&#8217;ha fatta"},"content":{"rendered":"\n<p><strong>NON CE L\u2019HA FATTA PADRE ILARIO CAVALIERE, IL MISSIONARIO INVESTITO A PADOVA: LA PROCURA INDAGA L\u2019AUTOMOBILISTA E DISPONE L\u2019AUTOPSIA<\/strong><\/p>\n\n\n\n<p><strong>Commozione per la tragica morte del religioso 87enne nella Citt\u00e0 del Santo, nel Biellese, dove risiedono i parenti, e nella \u201csua\u201d Argentina dove ha servito i poveri per mezzo secolo<\/strong><\/p>\n\n\n\n<p>Non ce l\u2019ha fatta&nbsp;<strong>Padre Ilario Cavaliere<\/strong>, il religioso di&nbsp;<strong>87 anni<\/strong>, ospite nella&nbsp;<strong>Scuola missionaria del Sacro Cuore di Padova<\/strong>,&nbsp;<strong>investito da un\u2019auto<\/strong>&nbsp;mentre attraversava la strada&nbsp;<strong>mercoled\u00ec 9 dicembre in via Bembo<\/strong>, a poche centinaia di metri dalla&nbsp;<strong>sede padovana&nbsp;<\/strong>della&nbsp;<strong>comunit\u00e0 dei dehoniani<\/strong>, la congregazione a cui apparteneva. Il missionario purtroppo&nbsp;<strong>\u00e8 spirato nella notte di gioved\u00ec 10 dicembre<\/strong>, in seguito alle&nbsp;<strong>gravissime lesioni riportate<\/strong>. La&nbsp;<strong>Procura di Padova<\/strong>, per il tramite del&nbsp;<strong>Pubblico Ministero<\/strong>, dott.ssa&nbsp;<strong>Valeria Spinosa<\/strong>, come da prassi ha aperto un&nbsp;<strong>procedimento penale<\/strong>&nbsp;per il reato di&nbsp;<strong>omicidio stradale&nbsp;<\/strong>inscrivendo nel&nbsp;<strong>registro degli indagati<\/strong>&nbsp;la&nbsp;<strong>ventiduenne padovana<\/strong>,&nbsp;<strong>F. S.<\/strong>, alla guida della vettura, una&nbsp;<strong>Toyota<\/strong>, che ha&nbsp;<strong>investito il sacerdote<\/strong>, e ha disposto&nbsp;<strong>l\u2019autopsia<\/strong>&nbsp;sulla salma della vittima, incaricando a tal fine come proprio consulente tecnico d\u2019ufficio il&nbsp;<strong>medico legale dott. Antonello Cirnelli<\/strong>: l\u2019esame autoptico sar\u00e0 effettuato&nbsp;<strong>domani, mercoled\u00ec 16 dicembre<\/strong>, a partire dalle 13.30.<\/p>\n\n\n\n<p>I familiari del Padre dehoniano, che risiedono in Piemonte, attraverso i&nbsp;<strong>consulenti legali<\/strong>&nbsp;dott.&nbsp;<strong>Giancarlo Bertolone<\/strong>&nbsp;e&nbsp;<strong>Alessia Paccagnella<\/strong>, per essere assistiti si sono affidati a<strong>&nbsp;Studio3-Valore S.p.A.<\/strong>, societ\u00e0 specializzata a livello nazionale nel risarcimento danni e nella tutela dei diritti dei cittadini, che si \u00e8 immediatamente attivata innanzitutto per acquisire tutta la&nbsp;<strong>documentazione relativa al tragico sinistro&nbsp;<\/strong>e cercare di fare piena luce sui fatti.<\/p>\n\n\n\n<p>L\u2019incidente \u00e8 accaduto&nbsp;<strong>poco prima delle 17.30<\/strong>: il sacerdote \u201cin pensione\u201d, nonostante l\u2019et\u00e0, era ancora&nbsp;<strong>molto attivo<\/strong>&nbsp;e, come faceva abitualmente, pi\u00f9 volte al giorno, si stava recando dalla sua residenza nella&nbsp;<strong>vicina chiesa&nbsp;<\/strong>della&nbsp;<strong>parrocchia del Santissimo Crocifisso<\/strong>&nbsp;dove aiutava il parroco nelle varie mansioni, ma, mentre stava attraversando la strada, \u00e8&nbsp;<strong>stato travolto dalla giovane automobilista<\/strong>&nbsp;che proveniva da via d\u2019Aquapendente diretta verso Salboro, per cause al vaglio della&nbsp;<strong>polizia locale di Padova<\/strong>. L\u2019impatto \u00e8 stato terribile: l\u2019anziano \u00e8 stato caricato sul cofano, ha&nbsp;<strong>sfondato il parabrezza<\/strong>&nbsp;dell\u2019auto ed \u00e8 rovinato sull\u2019asfalto. Inizialmente l\u2019ottantasettenne, subito trasportato in ambulanza all<strong>\u2019ospedale cittadino<\/strong>, era cosciente e ha anche fornito le sue generalit\u00e0, ma con il passare delle ore le sue condizioni sono via via peggiorate in seguito ai&nbsp;<strong>gravissimi traumi riportati<\/strong>, in particolare&nbsp;<strong>diverse lesioni agli organi interni<\/strong>: \u00e8 stato trasferito nel&nbsp;<strong>reparto di Rianimazione<\/strong>&nbsp;ma, nonostante tutti i tentativi dei medici di salvarlo, il&nbsp;<strong>10 dicembre \u00e8 spirato<\/strong>.<\/p>\n\n\n\n<p>La tragedia ha destato&nbsp;<strong>profonda commozione non solo a Padova<\/strong>, dove Padre Ilario viveva da circa cinque anni, e in&nbsp;<strong>tutta la congregazione dehoniana<\/strong>, ma anche nel&nbsp;<strong>Biellese<\/strong>, in particolare a&nbsp;<strong>Cerrione<\/strong>, dove, nella&nbsp;<strong>frazione di Vergnasco<\/strong>, hanno vissuto per gran parte della loro esistenza i suoi genitori, dove risiedono tuttora i suoi&nbsp;<strong>parenti&nbsp;<\/strong>e dove lui tornava periodicamente dalle sue missioni, oltre che nella \u201c<strong>sua Argentina<\/strong>\u201d.<\/p>\n\n\n\n<p>Originario di&nbsp;<strong>Castelgomberto<\/strong>, nel Vicentino, dove viveva la sua famiglia prima di trasferirsi in Piemonte, il religioso aveva studiato nel&nbsp;<strong>seminario di Albino<\/strong>&nbsp;(Bergamo) e poi perfezionato i suoi studi di teologia in Liguria. Aveva emesso la sua&nbsp;<strong>prima professione<\/strong>, come diacono, nel 1953, a vent\u2019anni, e poi, nel 1964 la&nbsp;<strong>congregazione dei sacerdoti del Sacro Cuore di Ges\u00f9<\/strong>, i Dehoniani appunto, accogliendo la sua grande vocazione, quella di&nbsp;<strong>servire i poveri<\/strong>, l\u2019hanno inviato in&nbsp;<strong>missione in Argentina<\/strong>, Paese dove la povert\u00e0 era ed \u00e8 ancora tanta e dove all\u2019epoca il regime era pure ostile ai sacerdoti. Padre Cavalierevi \u00e8 rimasto<strong>&nbsp;mezzo secolo<\/strong>, fino appunto a cinque anni fa, e ci sarebbe tornato ancora se la sua et\u00e0 ormai avanzata e il suo fisico, non pi\u00f9 da giovanotto, non avessero consigliato un pi\u00f9 che meritato \u201criposo\u201d: nel Paese sudamericano \u00e8 stato, tra le varie mete, a&nbsp;<strong>Buenos Aires<\/strong>, a&nbsp;<strong>Malagueno,&nbsp;<\/strong>nella poverissima&nbsp;<strong>provincia di Cordoba,<\/strong>&nbsp;e nella&nbsp;<strong>provincia del Chaco<\/strong>, tra la foresta tropicale, facendosi apprezzare e ben volere da tutti gli argentini. Quando, nel 1980,&nbsp;<strong>ha preso anche i voti<\/strong>&nbsp;<strong>venendo ordinato sacerdote<\/strong>, in suo onore organizzarono una festa popolare.<\/p>\n\n\n\n<p>Il sacerdote lascia tre sorelle,&nbsp;<strong>Pierina, Santina e Maria<\/strong>, e dieci nipoti. Non appena l\u2019autorit\u00e0 giudiziaria dar\u00e0 il nulla osta, sar\u00e0 fissata la data dei&nbsp;<strong>funerali&nbsp;<\/strong>con due cerimonie, una che si terr\u00e0 a&nbsp;<strong>Padova<\/strong>&nbsp;e un\u2019altra a&nbsp;<strong>Vergnasco<\/strong>, nel cui cimitero, poi, il religioso riposer\u00e0.<\/p>\n","protected":false},"excerpt":{"rendered":"<p>NON CE L\u2019HA FATTA PADRE ILARIO CAVALIERE, IL MISSIONARIO INVESTITO A PADOVA: LA PROCURA INDAGA L\u2019AUTOMOBILISTA E DISPONE L\u2019AUTOPSIA Commozione per la tragica morte del religioso 87enne nella Citt\u00e0 del Santo, nel Biellese, dove risiedono i parenti, e nella \u201csua\u201d Argentina dove ha servito i poveri per mezzo secolo Non ce l\u2019ha fatta&nbsp;Padre Ilario Cavaliere, [&hellip;]<\/p>\n","protected":false},"author":1,"featured_media":12980,"comment_status":"open","ping_status":"open","sticky":false,"template":"","format":"standard","meta":{"jnews-multi-image_gallery":[],"jnews_single_post":[],"jnews_primary_category":[],"jnews_social_meta":[],"jnews_override_counter":[],"jnews_post_split":[],"footnotes":""},"categories":[127],"tags":[316],"class_list":["post-13225","post","type-post","status-publish","format-standard","has-post-thumbnail","hentry","category-biellalive","tag-biella"],"yoast_head":"<!-- This site is optimized with the Yoast SEO plugin v27.5 - https:\/\/yoast.com\/product\/yoast-seo-wordpress\/ -->\n<title>Missionario biellese investito a Padova: non ce l&#039;ha fatta - Live Magazine<\/title>\n<meta name=\"robots\" content=\"index, follow, max-snippet:-1, max-image-preview:large, max-video-preview:-1\" \/>\n<link rel=\"canonical\" href=\"https:\/\/www.livemag.it\/index.php\/2020\/12\/16\/missionario-biellese-investito-a-padova-non-ce-lha-fatta\/\" \/>\n<meta property=\"og:locale\" content=\"it_IT\" \/>\n<meta property=\"og:type\" content=\"article\" \/>\n<meta property=\"og:title\" content=\"Missionario biellese investito a Padova: non ce l&#039;ha fatta - Live Magazine\" \/>\n<meta property=\"og:description\" content=\"NON CE L\u2019HA FATTA PADRE ILARIO CAVALIERE, IL MISSIONARIO INVESTITO A PADOVA: LA PROCURA INDAGA L\u2019AUTOMOBILISTA E DISPONE L\u2019AUTOPSIA Commozione per la tragica morte del religioso 87enne nella Citt\u00e0 del Santo, nel Biellese, dove risiedono i parenti, e nella \u201csua\u201d Argentina dove ha servito i poveri per mezzo secolo Non ce l\u2019ha fatta&nbsp;Padre Ilario Cavaliere, [&hellip;]\" \/>\n<meta property=\"og:url\" content=\"https:\/\/www.livemag.it\/index.php\/2020\/12\/16\/missionario-biellese-investito-a-padova-non-ce-lha-fatta\/\" \/>\n<meta property=\"og:site_name\" content=\"Live Magazine\" \/>\n<meta property=\"article:publisher\" content=\"https:\/\/www.facebook.com\/LiveMag\/\" \/>\n<meta property=\"article:published_time\" content=\"2020-12-16T15:59:21+00:00\" \/>\n<meta property=\"article:modified_time\" content=\"2020-12-16T16:01:41+00:00\" \/>\n<meta property=\"og:image\" content=\"https:\/\/www.livemag.it\/wp-content\/uploads\/2020\/11\/woman-with-lily-flowers-and-coffin-at-funeral-PM62BEU-scaled-e1605729481413.jpg\" \/>\n\t<meta property=\"og:image:width\" content=\"1200\" \/>\n\t<meta property=\"og:image:height\" content=\"800\" \/>\n\t<meta property=\"og:image:type\" content=\"image\/jpeg\" \/>\n<meta name=\"author\" content=\"Redazione\" \/>\n<meta name=\"twitter:card\" content=\"summary_large_image\" \/>\n<meta name=\"twitter:creator\" content=\"@LiveNotizie\" \/>\n<meta name=\"twitter:site\" content=\"@LiveNotizie\" \/>\n<meta name=\"twitter:label1\" content=\"Scritto da\" \/>\n\t<meta name=\"twitter:data1\" content=\"Redazione\" \/>\n\t<meta name=\"twitter:label2\" content=\"Tempo di lettura stimato\" \/>\n\t<meta name=\"twitter:data2\" content=\"4 minuti\" \/>\n<script type=\"application\/ld+json\" class=\"yoast-schema-graph\">{\"@context\":\"https:\\\/\\\/schema.org\",\"@graph\":[{\"@type\":\"Article\",\"@id\":\"https:\\\/\\\/www.livemag.it\\\/index.php\\\/2020\\\/12\\\/16\\\/missionario-biellese-investito-a-padova-non-ce-lha-fatta\\\/#article\",\"isPartOf\":{\"@id\":\"https:\\\/\\\/www.livemag.it\\\/index.php\\\/2020\\\/12\\\/16\\\/missionario-biellese-investito-a-padova-non-ce-lha-fatta\\\/\"},\"author\":{\"name\":\"Redazione\",\"@id\":\"https:\\\/\\\/www.livemag.it\\\/#\\\/schema\\\/person\\\/7191e402a6eb1110174f9d71f53edea9\"},\"headline\":\"Missionario biellese investito a Padova: non ce l&#8217;ha fatta\",\"datePublished\":\"2020-12-16T15:59:21+00:00\",\"dateModified\":\"2020-12-16T16:01:41+00:00\",\"mainEntityOfPage\":{\"@id\":\"https:\\\/\\\/www.livemag.it\\\/index.php\\\/2020\\\/12\\\/16\\\/missionario-biellese-investito-a-padova-non-ce-lha-fatta\\\/\"},\"wordCount\":824,\"commentCount\":0,\"publisher\":{\"@id\":\"https:\\\/\\\/www.livemag.it\\\/#organization\"},\"image\":{\"@id\":\"https:\\\/\\\/www.livemag.it\\\/index.php\\\/2020\\\/12\\\/16\\\/missionario-biellese-investito-a-padova-non-ce-lha-fatta\\\/#primaryimage\"},\"thumbnailUrl\":\"https:\\\/\\\/www.livemag.it\\\/wp-content\\\/uploads\\\/2020\\\/11\\\/woman-with-lily-flowers-and-coffin-at-funeral-PM62BEU-scaled-e1605729481413.jpg\",\"keywords\":[\"biella\"],\"articleSection\":[\"BiellaLive\"],\"inLanguage\":\"it-IT\",\"potentialAction\":[{\"@type\":\"CommentAction\",\"name\":\"Comment\",\"target\":[\"https:\\\/\\\/www.livemag.it\\\/index.php\\\/2020\\\/12\\\/16\\\/missionario-biellese-investito-a-padova-non-ce-lha-fatta\\\/#respond\"]}]},{\"@type\":\"WebPage\",\"@id\":\"https:\\\/\\\/www.livemag.it\\\/index.php\\\/2020\\\/12\\\/16\\\/missionario-biellese-investito-a-padova-non-ce-lha-fatta\\\/\",\"url\":\"https:\\\/\\\/www.livemag.it\\\/index.php\\\/2020\\\/12\\\/16\\\/missionario-biellese-investito-a-padova-non-ce-lha-fatta\\\/\",\"name\":\"Missionario biellese investito a Padova: non ce l'ha fatta - Live Magazine\",\"isPartOf\":{\"@id\":\"https:\\\/\\\/www.livemag.it\\\/#website\"},\"primaryImageOfPage\":{\"@id\":\"https:\\\/\\\/www.livemag.it\\\/index.php\\\/2020\\\/12\\\/16\\\/missionario-biellese-investito-a-padova-non-ce-lha-fatta\\\/#primaryimage\"},\"image\":{\"@id\":\"https:\\\/\\\/www.livemag.it\\\/index.php\\\/2020\\\/12\\\/16\\\/missionario-biellese-investito-a-padova-non-ce-lha-fatta\\\/#primaryimage\"},\"thumbnailUrl\":\"https:\\\/\\\/www.livemag.it\\\/wp-content\\\/uploads\\\/2020\\\/11\\\/woman-with-lily-flowers-and-coffin-at-funeral-PM62BEU-scaled-e1605729481413.jpg\",\"datePublished\":\"2020-12-16T15:59:21+00:00\",\"dateModified\":\"2020-12-16T16:01:41+00:00\",\"breadcrumb\":{\"@id\":\"https:\\\/\\\/www.livemag.it\\\/index.php\\\/2020\\\/12\\\/16\\\/missionario-biellese-investito-a-padova-non-ce-lha-fatta\\\/#breadcrumb\"},\"inLanguage\":\"it-IT\",\"potentialAction\":[{\"@type\":\"ReadAction\",\"target\":[\"https:\\\/\\\/www.livemag.it\\\/index.php\\\/2020\\\/12\\\/16\\\/missionario-biellese-investito-a-padova-non-ce-lha-fatta\\\/\"]}]},{\"@type\":\"ImageObject\",\"inLanguage\":\"it-IT\",\"@id\":\"https:\\\/\\\/www.livemag.it\\\/index.php\\\/2020\\\/12\\\/16\\\/missionario-biellese-investito-a-padova-non-ce-lha-fatta\\\/#primaryimage\",\"url\":\"https:\\\/\\\/www.livemag.it\\\/wp-content\\\/uploads\\\/2020\\\/11\\\/woman-with-lily-flowers-and-coffin-at-funeral-PM62BEU-scaled-e1605729481413.jpg\",\"contentUrl\":\"https:\\\/\\\/www.livemag.it\\\/wp-content\\\/uploads\\\/2020\\\/11\\\/woman-with-lily-flowers-and-coffin-at-funeral-PM62BEU-scaled-e1605729481413.jpg\",\"width\":1200,\"height\":800},{\"@type\":\"BreadcrumbList\",\"@id\":\"https:\\\/\\\/www.livemag.it\\\/index.php\\\/2020\\\/12\\\/16\\\/missionario-biellese-investito-a-padova-non-ce-lha-fatta\\\/#breadcrumb\",\"itemListElement\":[{\"@type\":\"ListItem\",\"position\":1,\"name\":\"Home\",\"item\":\"https:\\\/\\\/www.livemag.it\\\/\"},{\"@type\":\"ListItem\",\"position\":2,\"name\":\"Missionario biellese investito a Padova: non ce l&#8217;ha fatta\"}]},{\"@type\":\"WebSite\",\"@id\":\"https:\\\/\\\/www.livemag.it\\\/#website\",\"url\":\"https:\\\/\\\/www.livemag.it\\\/\",\"name\":\"Live Magazine\",\"description\":\"Varie ed eventi\",\"publisher\":{\"@id\":\"https:\\\/\\\/www.livemag.it\\\/#organization\"},\"potentialAction\":[{\"@type\":\"SearchAction\",\"target\":{\"@type\":\"EntryPoint\",\"urlTemplate\":\"https:\\\/\\\/www.livemag.it\\\/?s={search_term_string}\"},\"query-input\":{\"@type\":\"PropertyValueSpecification\",\"valueRequired\":true,\"valueName\":\"search_term_string\"}}],\"inLanguage\":\"it-IT\"},{\"@type\":\"Organization\",\"@id\":\"https:\\\/\\\/www.livemag.it\\\/#organization\",\"name\":\"LiveMag\",\"alternateName\":\"LiveMag News ed eventi\",\"url\":\"https:\\\/\\\/www.livemag.it\\\/\",\"logo\":{\"@type\":\"ImageObject\",\"inLanguage\":\"it-IT\",\"@id\":\"https:\\\/\\\/www.livemag.it\\\/#\\\/schema\\\/logo\\\/image\\\/\",\"url\":\"https:\\\/\\\/www.livemag.it\\\/wp-content\\\/uploads\\\/2024\\\/02\\\/immagine-sito.jpg\",\"contentUrl\":\"https:\\\/\\\/www.livemag.it\\\/wp-content\\\/uploads\\\/2024\\\/02\\\/immagine-sito.jpg\",\"width\":696,\"height\":696,\"caption\":\"LiveMag\"},\"image\":{\"@id\":\"https:\\\/\\\/www.livemag.it\\\/#\\\/schema\\\/logo\\\/image\\\/\"},\"sameAs\":[\"https:\\\/\\\/www.facebook.com\\\/LiveMag\\\/\",\"https:\\\/\\\/x.com\\\/LiveNotizie\",\"https:\\\/\\\/www.instagram.com\\\/livemag\\\/\"]},{\"@type\":\"Person\",\"@id\":\"https:\\\/\\\/www.livemag.it\\\/#\\\/schema\\\/person\\\/7191e402a6eb1110174f9d71f53edea9\",\"name\":\"Redazione\",\"image\":{\"@type\":\"ImageObject\",\"inLanguage\":\"it-IT\",\"@id\":\"https:\\\/\\\/secure.gravatar.com\\\/avatar\\\/b20eb33510695f1259c3f61c8dfc966b174a5d33f605fb2d514d9b271222597e?s=96&r=g\",\"url\":\"https:\\\/\\\/secure.gravatar.com\\\/avatar\\\/b20eb33510695f1259c3f61c8dfc966b174a5d33f605fb2d514d9b271222597e?s=96&r=g\",\"contentUrl\":\"https:\\\/\\\/secure.gravatar.com\\\/avatar\\\/b20eb33510695f1259c3f61c8dfc966b174a5d33f605fb2d514d9b271222597e?s=96&r=g\",\"caption\":\"Redazione\"},\"url\":\"https:\\\/\\\/www.livemag.it\\\/index.php\\\/author\\\/admin6640\\\/\"}]}<\/script>\n<!-- \/ Yoast SEO plugin. -->","yoast_head_json":{"title":"Missionario biellese investito a Padova: non ce l'ha fatta - Live Magazine","robots":{"index":"index","follow":"follow","max-snippet":"max-snippet:-1","max-image-preview":"max-image-preview:large","max-video-preview":"max-video-preview:-1"},"canonical":"https:\/\/www.livemag.it\/index.php\/2020\/12\/16\/missionario-biellese-investito-a-padova-non-ce-lha-fatta\/","og_locale":"it_IT","og_type":"article","og_title":"Missionario biellese investito a Padova: non ce l'ha fatta - Live Magazine","og_description":"NON CE L\u2019HA FATTA PADRE ILARIO CAVALIERE, IL MISSIONARIO INVESTITO A PADOVA: LA PROCURA INDAGA L\u2019AUTOMOBILISTA E DISPONE L\u2019AUTOPSIA Commozione per la tragica morte del religioso 87enne nella Citt\u00e0 del Santo, nel Biellese, dove risiedono i parenti, e nella \u201csua\u201d Argentina dove ha servito i poveri per mezzo secolo Non ce l\u2019ha fatta&nbsp;Padre Ilario Cavaliere, [&hellip;]","og_url":"https:\/\/www.livemag.it\/index.php\/2020\/12\/16\/missionario-biellese-investito-a-padova-non-ce-lha-fatta\/","og_site_name":"Live Magazine","article_publisher":"https:\/\/www.facebook.com\/LiveMag\/","article_published_time":"2020-12-16T15:59:21+00:00","article_modified_time":"2020-12-16T16:01:41+00:00","og_image":[{"width":1200,"height":800,"url":"https:\/\/www.livemag.it\/wp-content\/uploads\/2020\/11\/woman-with-lily-flowers-and-coffin-at-funeral-PM62BEU-scaled-e1605729481413.jpg","type":"image\/jpeg"}],"author":"Redazione","twitter_card":"summary_large_image","twitter_creator":"@LiveNotizie","twitter_site":"@LiveNotizie","twitter_misc":{"Scritto da":"Redazione","Tempo di lettura stimato":"4 minuti"},"schema":{"@context":"https:\/\/schema.org","@graph":[{"@type":"Article","@id":"https:\/\/www.livemag.it\/index.php\/2020\/12\/16\/missionario-biellese-investito-a-padova-non-ce-lha-fatta\/#article","isPartOf":{"@id":"https:\/\/www.livemag.it\/index.php\/2020\/12\/16\/missionario-biellese-investito-a-padova-non-ce-lha-fatta\/"},"author":{"name":"Redazione","@id":"https:\/\/www.livemag.it\/#\/schema\/person\/7191e402a6eb1110174f9d71f53edea9"},"headline":"Missionario biellese investito a Padova: non ce l&#8217;ha fatta","datePublished":"2020-12-16T15:59:21+00:00","dateModified":"2020-12-16T16:01:41+00:00","mainEntityOfPage":{"@id":"https:\/\/www.livemag.it\/index.php\/2020\/12\/16\/missionario-biellese-investito-a-padova-non-ce-lha-fatta\/"},"wordCount":824,"commentCount":0,"publisher":{"@id":"https:\/\/www.livemag.it\/#organization"},"image":{"@id":"https:\/\/www.livemag.it\/index.php\/2020\/12\/16\/missionario-biellese-investito-a-padova-non-ce-lha-fatta\/#primaryimage"},"thumbnailUrl":"https:\/\/www.livemag.it\/wp-content\/uploads\/2020\/11\/woman-with-lily-flowers-and-coffin-at-funeral-PM62BEU-scaled-e1605729481413.jpg","keywords":["biella"],"articleSection":["BiellaLive"],"inLanguage":"it-IT","potentialAction":[{"@type":"CommentAction","name":"Comment","target":["https:\/\/www.livemag.it\/index.php\/2020\/12\/16\/missionario-biellese-investito-a-padova-non-ce-lha-fatta\/#respond"]}]},{"@type":"WebPage","@id":"https:\/\/www.livemag.it\/index.php\/2020\/12\/16\/missionario-biellese-investito-a-padova-non-ce-lha-fatta\/","url":"https:\/\/www.livemag.it\/index.php\/2020\/12\/16\/missionario-biellese-investito-a-padova-non-ce-lha-fatta\/","name":"Missionario biellese investito a Padova: non ce l'ha fatta - Live Magazine","isPartOf":{"@id":"https:\/\/www.livemag.it\/#website"},"primaryImageOfPage":{"@id":"https:\/\/www.livemag.it\/index.php\/2020\/12\/16\/missionario-biellese-investito-a-padova-non-ce-lha-fatta\/#primaryimage"},"image":{"@id":"https:\/\/www.livemag.it\/index.php\/2020\/12\/16\/missionario-biellese-investito-a-padova-non-ce-lha-fatta\/#primaryimage"},"thumbnailUrl":"https:\/\/www.livemag.it\/wp-content\/uploads\/2020\/11\/woman-with-lily-flowers-and-coffin-at-funeral-PM62BEU-scaled-e1605729481413.jpg","datePublished":"2020-12-16T15:59:21+00:00","dateModified":"2020-12-16T16:01:41+00:00","breadcrumb":{"@id":"https:\/\/www.livemag.it\/index.php\/2020\/12\/16\/missionario-biellese-investito-a-padova-non-ce-lha-fatta\/#breadcrumb"},"inLanguage":"it-IT","potentialAction":[{"@type":"ReadAction","target":["https:\/\/www.livemag.it\/index.php\/2020\/12\/16\/missionario-biellese-investito-a-padova-non-ce-lha-fatta\/"]}]},{"@type":"ImageObject","inLanguage":"it-IT","@id":"https:\/\/www.livemag.it\/index.php\/2020\/12\/16\/missionario-biellese-investito-a-padova-non-ce-lha-fatta\/#primaryimage","url":"https:\/\/www.livemag.it\/wp-content\/uploads\/2020\/11\/woman-with-lily-flowers-and-coffin-at-funeral-PM62BEU-scaled-e1605729481413.jpg","contentUrl":"https:\/\/www.livemag.it\/wp-content\/uploads\/2020\/11\/woman-with-lily-flowers-and-coffin-at-funeral-PM62BEU-scaled-e1605729481413.jpg","width":1200,"height":800},{"@type":"BreadcrumbList","@id":"https:\/\/www.livemag.it\/index.php\/2020\/12\/16\/missionario-biellese-investito-a-padova-non-ce-lha-fatta\/#breadcrumb","itemListElement":[{"@type":"ListItem","position":1,"name":"Home","item":"https:\/\/www.livemag.it\/"},{"@type":"ListItem","position":2,"name":"Missionario biellese investito a Padova: non ce l&#8217;ha fatta"}]},{"@type":"WebSite","@id":"https:\/\/www.livemag.it\/#website","url":"https:\/\/www.livemag.it\/","name":"Live Magazine","description":"Varie ed eventi","publisher":{"@id":"https:\/\/www.livemag.it\/#organization"},"potentialAction":[{"@type":"SearchAction","target":{"@type":"EntryPoint","urlTemplate":"https:\/\/www.livemag.it\/?s={search_term_string}"},"query-input":{"@type":"PropertyValueSpecification","valueRequired":true,"valueName":"search_term_string"}}],"inLanguage":"it-IT"},{"@type":"Organization","@id":"https:\/\/www.livemag.it\/#organization","name":"LiveMag","alternateName":"LiveMag News ed eventi","url":"https:\/\/www.livemag.it\/","logo":{"@type":"ImageObject","inLanguage":"it-IT","@id":"https:\/\/www.livemag.it\/#\/schema\/logo\/image\/","url":"https:\/\/www.livemag.it\/wp-content\/uploads\/2024\/02\/immagine-sito.jpg","contentUrl":"https:\/\/www.livemag.it\/wp-content\/uploads\/2024\/02\/immagine-sito.jpg","width":696,"height":696,"caption":"LiveMag"},"image":{"@id":"https:\/\/www.livemag.it\/#\/schema\/logo\/image\/"},"sameAs":["https:\/\/www.facebook.com\/LiveMag\/","https:\/\/x.com\/LiveNotizie","https:\/\/www.instagram.com\/livemag\/"]},{"@type":"Person","@id":"https:\/\/www.livemag.it\/#\/schema\/person\/7191e402a6eb1110174f9d71f53edea9","name":"Redazione","image":{"@type":"ImageObject","inLanguage":"it-IT","@id":"https:\/\/secure.gravatar.com\/avatar\/b20eb33510695f1259c3f61c8dfc966b174a5d33f605fb2d514d9b271222597e?s=96&r=g","url":"https:\/\/secure.gravatar.com\/avatar\/b20eb33510695f1259c3f61c8dfc966b174a5d33f605fb2d514d9b271222597e?s=96&r=g","contentUrl":"https:\/\/secure.gravatar.com\/avatar\/b20eb33510695f1259c3f61c8dfc966b174a5d33f605fb2d514d9b271222597e?s=96&r=g","caption":"Redazione"},"url":"https:\/\/www.livemag.it\/index.php\/author\/admin6640\/"}]}},"jetpack_featured_media_url":"https:\/\/www.livemag.it\/wp-content\/uploads\/2020\/11\/woman-with-lily-flowers-and-coffin-at-funeral-PM62BEU-scaled-e1605729481413.jpg","_links":{"self":[{"href":"https:\/\/www.livemag.it\/index.php\/wp-json\/wp\/v2\/posts\/13225","targetHints":{"allow":["GET"]}}],"collection":[{"href":"https:\/\/www.livemag.it\/index.php\/wp-json\/wp\/v2\/posts"}],"about":[{"href":"https:\/\/www.livemag.it\/index.php\/wp-json\/wp\/v2\/types\/post"}],"author":[{"embeddable":true,"href":"https:\/\/www.livemag.it\/index.php\/wp-json\/wp\/v2\/users\/1"}],"replies":[{"embeddable":true,"href":"https:\/\/www.livemag.it\/index.php\/wp-json\/wp\/v2\/comments?post=13225"}],"version-history":[{"count":3,"href":"https:\/\/www.livemag.it\/index.php\/wp-json\/wp\/v2\/posts\/13225\/revisions"}],"predecessor-version":[{"id":13235,"href":"https:\/\/www.livemag.it\/index.php\/wp-json\/wp\/v2\/posts\/13225\/revisions\/13235"}],"wp:featuredmedia":[{"embeddable":true,"href":"https:\/\/www.livemag.it\/index.php\/wp-json\/wp\/v2\/media\/12980"}],"wp:attachment":[{"href":"https:\/\/www.livemag.it\/index.php\/wp-json\/wp\/v2\/media?parent=13225"}],"wp:term":[{"taxonomy":"category","embeddable":true,"href":"https:\/\/www.livemag.it\/index.php\/wp-json\/wp\/v2\/categories?post=13225"},{"taxonomy":"post_tag","embeddable":true,"href":"https:\/\/www.livemag.it\/index.php\/wp-json\/wp\/v2\/tags?post=13225"}],"curies":[{"name":"wp","href":"https:\/\/api.w.org\/{rel}","templated":true}]}}