{"id":12032,"date":"2020-06-27T13:48:48","date_gmt":"2020-06-27T11:48:48","guid":{"rendered":"https:\/\/www.livemag.it\/?p=12032"},"modified":"2020-06-27T13:48:49","modified_gmt":"2020-06-27T11:48:49","slug":"sara-manfuso-risponde-a-di-battista-su-cannabis","status":"publish","type":"post","link":"https:\/\/www.livemag.it\/index.php\/2020\/06\/27\/sara-manfuso-risponde-a-di-battista-su-cannabis\/","title":{"rendered":"Sara Manfuso risponde a Di Battista su cannabis"},"content":{"rendered":"\n<p>Sara Manfuso detta la linea e &#8211; in risposta al Dibba che si improvvisa Pannella e dice di non fare selfie con i cannoni &#8211; sgancia una foto bomba su Instagram dove la si vede sorridente con una coltivazione domestica di cannabis alle spalle e, da dichiarata non fumatrice, invita a legalizzare in nome della libert\u00e0 e dell\u2019amore per il green!<br>E che green! Mentre alcuno parlamentari invitano a \u201cpiantare un seme\u201d la Manfuso si \u00e8 portata avanti con il lavoro\u2026<\/p>\n\n\n\n<figure class=\"wp-block-gallery columns-1 is-cropped wp-block-gallery-1 is-layout-flex wp-block-gallery-is-layout-flex\"><ul class=\"blocks-gallery-grid\"><li class=\"blocks-gallery-item\"><figure><img fetchpriority=\"high\" decoding=\"async\" width=\"938\" height=\"1600\" src=\"https:\/\/i2.wp.com\/www.livemag.it\/wp-content\/uploads\/2020\/06\/PHOTO-2020-06-26-13-55-29.jpg?fit=600%2C1024\" alt=\"\" data-id=\"12033\" data-full-url=\"https:\/\/i2.wp.com\/www.livemag.it\/wp-content\/uploads\/2020\/06\/PHOTO-2020-06-26-13-55-29.jpg?fit=938%2C1600\" data-link=\"https:\/\/www.livemag.it\/?attachment_id=12033\" class=\"wp-image-12033\" srcset=\"https:\/\/www.livemag.it\/wp-content\/uploads\/2020\/06\/PHOTO-2020-06-26-13-55-29.jpg 938w, https:\/\/www.livemag.it\/wp-content\/uploads\/2020\/06\/PHOTO-2020-06-26-13-55-29-176x300.jpg 176w, https:\/\/www.livemag.it\/wp-content\/uploads\/2020\/06\/PHOTO-2020-06-26-13-55-29-600x1024.jpg 600w, https:\/\/www.livemag.it\/wp-content\/uploads\/2020\/06\/PHOTO-2020-06-26-13-55-29-768x1310.jpg 768w, https:\/\/www.livemag.it\/wp-content\/uploads\/2020\/06\/PHOTO-2020-06-26-13-55-29-900x1536.jpg 900w\" sizes=\"(max-width: 938px) 100vw, 938px\" \/><\/figure><\/li><\/ul><\/figure>\n\n\n\n<p>Giornata in cui torna prepotentemente il tema della legalizzazione della cannabis!<br>Quindici parlamentari che si autodenunciano la coltivano a casa. Sono deputati e senatori di M5s, Pd e +Europa (a cui si aggiunge il consigliere regionale, sempre di +Europa, Michele Usuelli) che hanno aderito alla campagna \u201cIo coltivo\u201d, che punta a sensibilizzare il Parlamento sul tema della legalizzazione della cannabis. Quattro di loro hanno gi\u00e0 postato sui social foto e video in cui piantano il seme ricevuto dal team \u201cMeglio Legale\u201d. Oggi, a Montecitorio, hanno organizzato un sit-in insieme ad alcune associazioni e ad altri.<\/p>\n\n\n\n<figure class=\"wp-block-image size-large\"><img decoding=\"async\" width=\"638\" height=\"452\" src=\"http:\/\/www.livemag.it\/wp-content\/uploads\/2020\/06\/SaraManfuso.jpg\" alt=\"\" class=\"wp-image-12035\" srcset=\"https:\/\/www.livemag.it\/wp-content\/uploads\/2020\/06\/SaraManfuso.jpg 638w, https:\/\/www.livemag.it\/wp-content\/uploads\/2020\/06\/SaraManfuso-300x213.jpg 300w\" sizes=\"(max-width: 638px) 100vw, 638px\" \/><\/figure>\n\n\n\n<p><br>Tutto ci\u00f2 nel rispetto della sentenza della Cassazione che ha stabilito che coltivare piccole quantit\u00e0 in casa non \u00e8 reato.<br>Poi c\u2019\u00e8 Di Battista che pontifica sulla necessit\u00e0 di non farsi selfie con le canne altrimenti si fa come i gay con i pride.<\/p>\n\n\n\n<p><strong><em>ENRICO SANTAMARIA aka SANTY<\/em><\/strong><\/p>\n","protected":false},"excerpt":{"rendered":"<p>Sara Manfuso detta la linea e &#8211; in risposta al Dibba che si improvvisa Pannella e dice di non fare selfie con i cannoni &#8211; sgancia una foto bomba su Instagram dove la si vede sorridente con una coltivazione domestica di cannabis alle spalle e, da dichiarata non fumatrice, invita a legalizzare in nome della [&hellip;]<\/p>\n","protected":false},"author":6,"featured_media":12035,"comment_status":"open","ping_status":"open","sticky":false,"template":"","format":"standard","meta":{"jnews-multi-image_gallery":[],"jnews_single_post":[],"jnews_primary_category":[],"jnews_social_meta":[],"jnews_override_counter":[],"jnews_post_split":[],"footnotes":""},"categories":[9,141],"tags":[194,197,195,193,196],"class_list":["post-12032","post","type-post","status-publish","format-standard","has-post-thumbnail","hentry","category-costume-e-societa","category-politica","tag-dibattista","tag-legalizziamo","tag-montecitorio","tag-saramancuso","tag-senatoitaliano"],"yoast_head":"<!-- This site is optimized with the Yoast SEO plugin v27.4 - https:\/\/yoast.com\/product\/yoast-seo-wordpress\/ -->\n<title>Sara Manfuso risponde a Di Battista su cannabis - Live Magazine<\/title>\n<meta name=\"robots\" content=\"index, follow, max-snippet:-1, max-image-preview:large, max-video-preview:-1\" \/>\n<link rel=\"canonical\" href=\"https:\/\/www.livemag.it\/index.php\/2020\/06\/27\/sara-manfuso-risponde-a-di-battista-su-cannabis\/\" \/>\n<meta property=\"og:locale\" content=\"it_IT\" \/>\n<meta property=\"og:type\" content=\"article\" \/>\n<meta property=\"og:title\" content=\"Sara Manfuso risponde a Di Battista su cannabis - Live Magazine\" \/>\n<meta property=\"og:description\" content=\"Sara Manfuso detta la linea e &#8211; in risposta al Dibba che si improvvisa Pannella e dice di non fare selfie con i cannoni &#8211; sgancia una foto bomba su Instagram dove la si vede sorridente con una coltivazione domestica di cannabis alle spalle e, da dichiarata non fumatrice, invita a legalizzare in nome della [&hellip;]\" \/>\n<meta property=\"og:url\" content=\"https:\/\/www.livemag.it\/index.php\/2020\/06\/27\/sara-manfuso-risponde-a-di-battista-su-cannabis\/\" \/>\n<meta property=\"og:site_name\" content=\"Live Magazine\" \/>\n<meta property=\"article:publisher\" content=\"https:\/\/www.facebook.com\/LiveMag\/\" \/>\n<meta property=\"article:published_time\" content=\"2020-06-27T11:48:48+00:00\" \/>\n<meta property=\"article:modified_time\" content=\"2020-06-27T11:48:49+00:00\" \/>\n<meta property=\"og:image\" content=\"https:\/\/www.livemag.it\/wp-content\/uploads\/2020\/06\/SaraManfuso.jpg\" \/>\n\t<meta property=\"og:image:width\" content=\"638\" \/>\n\t<meta property=\"og:image:height\" content=\"452\" \/>\n\t<meta property=\"og:image:type\" content=\"image\/jpeg\" \/>\n<meta name=\"author\" content=\"Enrico Santamaria\" \/>\n<meta name=\"twitter:card\" content=\"summary_large_image\" \/>\n<meta name=\"twitter:creator\" content=\"@LiveNotizie\" \/>\n<meta name=\"twitter:site\" content=\"@LiveNotizie\" \/>\n<meta name=\"twitter:label1\" content=\"Scritto da\" \/>\n\t<meta name=\"twitter:data1\" content=\"Enrico Santamaria\" \/>\n\t<meta name=\"twitter:label2\" content=\"Tempo di lettura stimato\" \/>\n\t<meta name=\"twitter:data2\" content=\"1 minuto\" \/>\n<script type=\"application\/ld+json\" class=\"yoast-schema-graph\">{\"@context\":\"https:\\\/\\\/schema.org\",\"@graph\":[{\"@type\":\"Article\",\"@id\":\"https:\\\/\\\/www.livemag.it\\\/index.php\\\/2020\\\/06\\\/27\\\/sara-manfuso-risponde-a-di-battista-su-cannabis\\\/#article\",\"isPartOf\":{\"@id\":\"https:\\\/\\\/www.livemag.it\\\/index.php\\\/2020\\\/06\\\/27\\\/sara-manfuso-risponde-a-di-battista-su-cannabis\\\/\"},\"author\":{\"name\":\"Enrico Santamaria\",\"@id\":\"https:\\\/\\\/www.livemag.it\\\/#\\\/schema\\\/person\\\/eac39c35e128046ef29b7f0e4aba2063\"},\"headline\":\"Sara Manfuso risponde a Di Battista su cannabis\",\"datePublished\":\"2020-06-27T11:48:48+00:00\",\"dateModified\":\"2020-06-27T11:48:49+00:00\",\"mainEntityOfPage\":{\"@id\":\"https:\\\/\\\/www.livemag.it\\\/index.php\\\/2020\\\/06\\\/27\\\/sara-manfuso-risponde-a-di-battista-su-cannabis\\\/\"},\"wordCount\":232,\"commentCount\":0,\"publisher\":{\"@id\":\"https:\\\/\\\/www.livemag.it\\\/#organization\"},\"image\":{\"@id\":\"https:\\\/\\\/www.livemag.it\\\/index.php\\\/2020\\\/06\\\/27\\\/sara-manfuso-risponde-a-di-battista-su-cannabis\\\/#primaryimage\"},\"thumbnailUrl\":\"https:\\\/\\\/www.livemag.it\\\/wp-content\\\/uploads\\\/2020\\\/06\\\/SaraManfuso.jpg\",\"keywords\":[\"dibattista\",\"legalizziamo\",\"montecitorio\",\"saramancuso\",\"senatoitaliano\"],\"articleSection\":[\"Costume e Societ\u00e0\",\"Politica\"],\"inLanguage\":\"it-IT\",\"potentialAction\":[{\"@type\":\"CommentAction\",\"name\":\"Comment\",\"target\":[\"https:\\\/\\\/www.livemag.it\\\/index.php\\\/2020\\\/06\\\/27\\\/sara-manfuso-risponde-a-di-battista-su-cannabis\\\/#respond\"]}]},{\"@type\":\"WebPage\",\"@id\":\"https:\\\/\\\/www.livemag.it\\\/index.php\\\/2020\\\/06\\\/27\\\/sara-manfuso-risponde-a-di-battista-su-cannabis\\\/\",\"url\":\"https:\\\/\\\/www.livemag.it\\\/index.php\\\/2020\\\/06\\\/27\\\/sara-manfuso-risponde-a-di-battista-su-cannabis\\\/\",\"name\":\"Sara Manfuso risponde a Di Battista su cannabis - Live Magazine\",\"isPartOf\":{\"@id\":\"https:\\\/\\\/www.livemag.it\\\/#website\"},\"primaryImageOfPage\":{\"@id\":\"https:\\\/\\\/www.livemag.it\\\/index.php\\\/2020\\\/06\\\/27\\\/sara-manfuso-risponde-a-di-battista-su-cannabis\\\/#primaryimage\"},\"image\":{\"@id\":\"https:\\\/\\\/www.livemag.it\\\/index.php\\\/2020\\\/06\\\/27\\\/sara-manfuso-risponde-a-di-battista-su-cannabis\\\/#primaryimage\"},\"thumbnailUrl\":\"https:\\\/\\\/www.livemag.it\\\/wp-content\\\/uploads\\\/2020\\\/06\\\/SaraManfuso.jpg\",\"datePublished\":\"2020-06-27T11:48:48+00:00\",\"dateModified\":\"2020-06-27T11:48:49+00:00\",\"breadcrumb\":{\"@id\":\"https:\\\/\\\/www.livemag.it\\\/index.php\\\/2020\\\/06\\\/27\\\/sara-manfuso-risponde-a-di-battista-su-cannabis\\\/#breadcrumb\"},\"inLanguage\":\"it-IT\",\"potentialAction\":[{\"@type\":\"ReadAction\",\"target\":[\"https:\\\/\\\/www.livemag.it\\\/index.php\\\/2020\\\/06\\\/27\\\/sara-manfuso-risponde-a-di-battista-su-cannabis\\\/\"]}]},{\"@type\":\"ImageObject\",\"inLanguage\":\"it-IT\",\"@id\":\"https:\\\/\\\/www.livemag.it\\\/index.php\\\/2020\\\/06\\\/27\\\/sara-manfuso-risponde-a-di-battista-su-cannabis\\\/#primaryimage\",\"url\":\"https:\\\/\\\/www.livemag.it\\\/wp-content\\\/uploads\\\/2020\\\/06\\\/SaraManfuso.jpg\",\"contentUrl\":\"https:\\\/\\\/www.livemag.it\\\/wp-content\\\/uploads\\\/2020\\\/06\\\/SaraManfuso.jpg\",\"width\":638,\"height\":452,\"caption\":\"Sara Manfuso\"},{\"@type\":\"BreadcrumbList\",\"@id\":\"https:\\\/\\\/www.livemag.it\\\/index.php\\\/2020\\\/06\\\/27\\\/sara-manfuso-risponde-a-di-battista-su-cannabis\\\/#breadcrumb\",\"itemListElement\":[{\"@type\":\"ListItem\",\"position\":1,\"name\":\"Home\",\"item\":\"https:\\\/\\\/www.livemag.it\\\/\"},{\"@type\":\"ListItem\",\"position\":2,\"name\":\"Sara Manfuso risponde a Di Battista su cannabis\"}]},{\"@type\":\"WebSite\",\"@id\":\"https:\\\/\\\/www.livemag.it\\\/#website\",\"url\":\"https:\\\/\\\/www.livemag.it\\\/\",\"name\":\"Live Magazine\",\"description\":\"Varie ed eventi\",\"publisher\":{\"@id\":\"https:\\\/\\\/www.livemag.it\\\/#organization\"},\"potentialAction\":[{\"@type\":\"SearchAction\",\"target\":{\"@type\":\"EntryPoint\",\"urlTemplate\":\"https:\\\/\\\/www.livemag.it\\\/?s={search_term_string}\"},\"query-input\":{\"@type\":\"PropertyValueSpecification\",\"valueRequired\":true,\"valueName\":\"search_term_string\"}}],\"inLanguage\":\"it-IT\"},{\"@type\":\"Organization\",\"@id\":\"https:\\\/\\\/www.livemag.it\\\/#organization\",\"name\":\"LiveMag\",\"alternateName\":\"LiveMag News ed eventi\",\"url\":\"https:\\\/\\\/www.livemag.it\\\/\",\"logo\":{\"@type\":\"ImageObject\",\"inLanguage\":\"it-IT\",\"@id\":\"https:\\\/\\\/www.livemag.it\\\/#\\\/schema\\\/logo\\\/image\\\/\",\"url\":\"https:\\\/\\\/www.livemag.it\\\/wp-content\\\/uploads\\\/2024\\\/02\\\/immagine-sito.jpg\",\"contentUrl\":\"https:\\\/\\\/www.livemag.it\\\/wp-content\\\/uploads\\\/2024\\\/02\\\/immagine-sito.jpg\",\"width\":696,\"height\":696,\"caption\":\"LiveMag\"},\"image\":{\"@id\":\"https:\\\/\\\/www.livemag.it\\\/#\\\/schema\\\/logo\\\/image\\\/\"},\"sameAs\":[\"https:\\\/\\\/www.facebook.com\\\/LiveMag\\\/\",\"https:\\\/\\\/x.com\\\/LiveNotizie\",\"https:\\\/\\\/www.instagram.com\\\/livemag\\\/\"]},{\"@type\":\"Person\",\"@id\":\"https:\\\/\\\/www.livemag.it\\\/#\\\/schema\\\/person\\\/eac39c35e128046ef29b7f0e4aba2063\",\"name\":\"Enrico Santamaria\",\"image\":{\"@type\":\"ImageObject\",\"inLanguage\":\"it-IT\",\"@id\":\"https:\\\/\\\/secure.gravatar.com\\\/avatar\\\/46fb4cd9943ae438f83f978b8089dd12731d06416fe529f1e6492edfba34f6d7?s=96&r=g\",\"url\":\"https:\\\/\\\/secure.gravatar.com\\\/avatar\\\/46fb4cd9943ae438f83f978b8089dd12731d06416fe529f1e6492edfba34f6d7?s=96&r=g\",\"contentUrl\":\"https:\\\/\\\/secure.gravatar.com\\\/avatar\\\/46fb4cd9943ae438f83f978b8089dd12731d06416fe529f1e6492edfba34f6d7?s=96&r=g\",\"caption\":\"Enrico Santamaria\"},\"description\":\"giornalista, copywriter, graphic designer\",\"url\":\"https:\\\/\\\/www.livemag.it\\\/index.php\\\/author\\\/santy\\\/\"}]}<\/script>\n<!-- \/ Yoast SEO plugin. -->","yoast_head_json":{"title":"Sara Manfuso risponde a Di Battista su cannabis - Live Magazine","robots":{"index":"index","follow":"follow","max-snippet":"max-snippet:-1","max-image-preview":"max-image-preview:large","max-video-preview":"max-video-preview:-1"},"canonical":"https:\/\/www.livemag.it\/index.php\/2020\/06\/27\/sara-manfuso-risponde-a-di-battista-su-cannabis\/","og_locale":"it_IT","og_type":"article","og_title":"Sara Manfuso risponde a Di Battista su cannabis - Live Magazine","og_description":"Sara Manfuso detta la linea e &#8211; in risposta al Dibba che si improvvisa Pannella e dice di non fare selfie con i cannoni &#8211; sgancia una foto bomba su Instagram dove la si vede sorridente con una coltivazione domestica di cannabis alle spalle e, da dichiarata non fumatrice, invita a legalizzare in nome della [&hellip;]","og_url":"https:\/\/www.livemag.it\/index.php\/2020\/06\/27\/sara-manfuso-risponde-a-di-battista-su-cannabis\/","og_site_name":"Live Magazine","article_publisher":"https:\/\/www.facebook.com\/LiveMag\/","article_published_time":"2020-06-27T11:48:48+00:00","article_modified_time":"2020-06-27T11:48:49+00:00","og_image":[{"width":638,"height":452,"url":"https:\/\/www.livemag.it\/wp-content\/uploads\/2020\/06\/SaraManfuso.jpg","type":"image\/jpeg"}],"author":"Enrico Santamaria","twitter_card":"summary_large_image","twitter_creator":"@LiveNotizie","twitter_site":"@LiveNotizie","twitter_misc":{"Scritto da":"Enrico Santamaria","Tempo di lettura stimato":"1 minuto"},"schema":{"@context":"https:\/\/schema.org","@graph":[{"@type":"Article","@id":"https:\/\/www.livemag.it\/index.php\/2020\/06\/27\/sara-manfuso-risponde-a-di-battista-su-cannabis\/#article","isPartOf":{"@id":"https:\/\/www.livemag.it\/index.php\/2020\/06\/27\/sara-manfuso-risponde-a-di-battista-su-cannabis\/"},"author":{"name":"Enrico Santamaria","@id":"https:\/\/www.livemag.it\/#\/schema\/person\/eac39c35e128046ef29b7f0e4aba2063"},"headline":"Sara Manfuso risponde a Di Battista su cannabis","datePublished":"2020-06-27T11:48:48+00:00","dateModified":"2020-06-27T11:48:49+00:00","mainEntityOfPage":{"@id":"https:\/\/www.livemag.it\/index.php\/2020\/06\/27\/sara-manfuso-risponde-a-di-battista-su-cannabis\/"},"wordCount":232,"commentCount":0,"publisher":{"@id":"https:\/\/www.livemag.it\/#organization"},"image":{"@id":"https:\/\/www.livemag.it\/index.php\/2020\/06\/27\/sara-manfuso-risponde-a-di-battista-su-cannabis\/#primaryimage"},"thumbnailUrl":"https:\/\/www.livemag.it\/wp-content\/uploads\/2020\/06\/SaraManfuso.jpg","keywords":["dibattista","legalizziamo","montecitorio","saramancuso","senatoitaliano"],"articleSection":["Costume e Societ\u00e0","Politica"],"inLanguage":"it-IT","potentialAction":[{"@type":"CommentAction","name":"Comment","target":["https:\/\/www.livemag.it\/index.php\/2020\/06\/27\/sara-manfuso-risponde-a-di-battista-su-cannabis\/#respond"]}]},{"@type":"WebPage","@id":"https:\/\/www.livemag.it\/index.php\/2020\/06\/27\/sara-manfuso-risponde-a-di-battista-su-cannabis\/","url":"https:\/\/www.livemag.it\/index.php\/2020\/06\/27\/sara-manfuso-risponde-a-di-battista-su-cannabis\/","name":"Sara Manfuso risponde a Di Battista su cannabis - Live Magazine","isPartOf":{"@id":"https:\/\/www.livemag.it\/#website"},"primaryImageOfPage":{"@id":"https:\/\/www.livemag.it\/index.php\/2020\/06\/27\/sara-manfuso-risponde-a-di-battista-su-cannabis\/#primaryimage"},"image":{"@id":"https:\/\/www.livemag.it\/index.php\/2020\/06\/27\/sara-manfuso-risponde-a-di-battista-su-cannabis\/#primaryimage"},"thumbnailUrl":"https:\/\/www.livemag.it\/wp-content\/uploads\/2020\/06\/SaraManfuso.jpg","datePublished":"2020-06-27T11:48:48+00:00","dateModified":"2020-06-27T11:48:49+00:00","breadcrumb":{"@id":"https:\/\/www.livemag.it\/index.php\/2020\/06\/27\/sara-manfuso-risponde-a-di-battista-su-cannabis\/#breadcrumb"},"inLanguage":"it-IT","potentialAction":[{"@type":"ReadAction","target":["https:\/\/www.livemag.it\/index.php\/2020\/06\/27\/sara-manfuso-risponde-a-di-battista-su-cannabis\/"]}]},{"@type":"ImageObject","inLanguage":"it-IT","@id":"https:\/\/www.livemag.it\/index.php\/2020\/06\/27\/sara-manfuso-risponde-a-di-battista-su-cannabis\/#primaryimage","url":"https:\/\/www.livemag.it\/wp-content\/uploads\/2020\/06\/SaraManfuso.jpg","contentUrl":"https:\/\/www.livemag.it\/wp-content\/uploads\/2020\/06\/SaraManfuso.jpg","width":638,"height":452,"caption":"Sara Manfuso"},{"@type":"BreadcrumbList","@id":"https:\/\/www.livemag.it\/index.php\/2020\/06\/27\/sara-manfuso-risponde-a-di-battista-su-cannabis\/#breadcrumb","itemListElement":[{"@type":"ListItem","position":1,"name":"Home","item":"https:\/\/www.livemag.it\/"},{"@type":"ListItem","position":2,"name":"Sara Manfuso risponde a Di Battista su cannabis"}]},{"@type":"WebSite","@id":"https:\/\/www.livemag.it\/#website","url":"https:\/\/www.livemag.it\/","name":"Live Magazine","description":"Varie ed eventi","publisher":{"@id":"https:\/\/www.livemag.it\/#organization"},"potentialAction":[{"@type":"SearchAction","target":{"@type":"EntryPoint","urlTemplate":"https:\/\/www.livemag.it\/?s={search_term_string}"},"query-input":{"@type":"PropertyValueSpecification","valueRequired":true,"valueName":"search_term_string"}}],"inLanguage":"it-IT"},{"@type":"Organization","@id":"https:\/\/www.livemag.it\/#organization","name":"LiveMag","alternateName":"LiveMag News ed eventi","url":"https:\/\/www.livemag.it\/","logo":{"@type":"ImageObject","inLanguage":"it-IT","@id":"https:\/\/www.livemag.it\/#\/schema\/logo\/image\/","url":"https:\/\/www.livemag.it\/wp-content\/uploads\/2024\/02\/immagine-sito.jpg","contentUrl":"https:\/\/www.livemag.it\/wp-content\/uploads\/2024\/02\/immagine-sito.jpg","width":696,"height":696,"caption":"LiveMag"},"image":{"@id":"https:\/\/www.livemag.it\/#\/schema\/logo\/image\/"},"sameAs":["https:\/\/www.facebook.com\/LiveMag\/","https:\/\/x.com\/LiveNotizie","https:\/\/www.instagram.com\/livemag\/"]},{"@type":"Person","@id":"https:\/\/www.livemag.it\/#\/schema\/person\/eac39c35e128046ef29b7f0e4aba2063","name":"Enrico Santamaria","image":{"@type":"ImageObject","inLanguage":"it-IT","@id":"https:\/\/secure.gravatar.com\/avatar\/46fb4cd9943ae438f83f978b8089dd12731d06416fe529f1e6492edfba34f6d7?s=96&r=g","url":"https:\/\/secure.gravatar.com\/avatar\/46fb4cd9943ae438f83f978b8089dd12731d06416fe529f1e6492edfba34f6d7?s=96&r=g","contentUrl":"https:\/\/secure.gravatar.com\/avatar\/46fb4cd9943ae438f83f978b8089dd12731d06416fe529f1e6492edfba34f6d7?s=96&r=g","caption":"Enrico Santamaria"},"description":"giornalista, copywriter, graphic designer","url":"https:\/\/www.livemag.it\/index.php\/author\/santy\/"}]}},"jetpack_featured_media_url":"https:\/\/www.livemag.it\/wp-content\/uploads\/2020\/06\/SaraManfuso.jpg","_links":{"self":[{"href":"https:\/\/www.livemag.it\/index.php\/wp-json\/wp\/v2\/posts\/12032","targetHints":{"allow":["GET"]}}],"collection":[{"href":"https:\/\/www.livemag.it\/index.php\/wp-json\/wp\/v2\/posts"}],"about":[{"href":"https:\/\/www.livemag.it\/index.php\/wp-json\/wp\/v2\/types\/post"}],"author":[{"embeddable":true,"href":"https:\/\/www.livemag.it\/index.php\/wp-json\/wp\/v2\/users\/6"}],"replies":[{"embeddable":true,"href":"https:\/\/www.livemag.it\/index.php\/wp-json\/wp\/v2\/comments?post=12032"}],"version-history":[{"count":2,"href":"https:\/\/www.livemag.it\/index.php\/wp-json\/wp\/v2\/posts\/12032\/revisions"}],"predecessor-version":[{"id":12036,"href":"https:\/\/www.livemag.it\/index.php\/wp-json\/wp\/v2\/posts\/12032\/revisions\/12036"}],"wp:featuredmedia":[{"embeddable":true,"href":"https:\/\/www.livemag.it\/index.php\/wp-json\/wp\/v2\/media\/12035"}],"wp:attachment":[{"href":"https:\/\/www.livemag.it\/index.php\/wp-json\/wp\/v2\/media?parent=12032"}],"wp:term":[{"taxonomy":"category","embeddable":true,"href":"https:\/\/www.livemag.it\/index.php\/wp-json\/wp\/v2\/categories?post=12032"},{"taxonomy":"post_tag","embeddable":true,"href":"https:\/\/www.livemag.it\/index.php\/wp-json\/wp\/v2\/tags?post=12032"}],"curies":[{"name":"wp","href":"https:\/\/api.w.org\/{rel}","templated":true}]}}