{"id":10915,"date":"2020-04-02T16:26:41","date_gmt":"2020-04-02T14:26:41","guid":{"rendered":"https:\/\/www.livemag.it\/?p=10915"},"modified":"2020-04-02T16:26:42","modified_gmt":"2020-04-02T14:26:42","slug":"paola-si-leo-non-la-ferma-neppure-la-quarantena","status":"publish","type":"post","link":"https:\/\/www.livemag.it\/index.php\/2020\/04\/02\/paola-si-leo-non-la-ferma-neppure-la-quarantena\/","title":{"rendered":"Paola Si Leo, non la ferma neppure la quarantena"},"content":{"rendered":"\n<p>Paola Si Leo, 33 anni, romena per\u00f2 ormai italiana, \u00e8 cresciuta in Calabria e da qualche tempo si \u00e8 trasferita a Ferrara. Si definisce una ragazza che osa, diretta: &#8220;Rischio sempre ma sono semplice e amo la semplicit\u00e0 nelle persone e le cose. Oso sempre perch\u00e9 se non lo fai non saprai mai se puoi riuscire oppure no. Diciamo che sono di poche parole e rischio sempre perch\u00e9 bisogna farlo sempre. Essere arrivata fin qui \u00e8 stato grazie al mio atteggiamento e ne vado fiera questo e ne vado fiera perch\u00e9 ho avuto le mie soddisfazioni!!!&#8221;.<\/p>\n\n\n\n<p><strong>Come hai iniziato? <\/strong>&#8220;Ho iniziato a posare grazie al mio agente Massimo Span\u00f2 che mi ha scoperta e ha visto pi\u00f9 potenziale in me di quanto avessi visto io. Sono un paio d&#8217;anni che in questo mondo bellissimo.<\/p>\n\n\n\n<p><strong>Il tuo rapporto con i social?<\/strong> &#8220;Non sono una che sta tanto sui social, ci sono sempre per i miei follower ma nel limite anche perch\u00e9 tra i miei lavori,&nbsp; mio figlio &#8220;si sono una mamma di un bellissimo bambino) e vita privata non ho tanto tempo libero per i social, per\u00f2 cerco di esserci sempre&#8221;.<\/p>\n\n\n\n<p><strong>Quindi, nella vita quotidiana come sei? <\/strong>&#8220;Sono una ragazza normalissima:  palestra, passeggiata, il mio lavoro&#8230; nulla di speciale anche perch\u00e9 essendo sempre partita per lavori nel tempo libero cerco di restare con la mia famiglia e soprattutto fare la mamma!<br><br>Come ti tieni in forma? &#8220;Mi alleno sempre questo si ma sono fortunata diciamo cos\u00ec perch\u00e9 non ho grandi sacrifici da fare essendo cos\u00ec di mio , nessuna dieta nessuna misura drastica, semplicemente mi mantengo sono una ragazza che ama curare se stessa, essere sempre in ordine!<\/p>\n\n\n\n<figure class=\"wp-block-gallery columns-3 is-cropped wp-block-gallery-1 is-layout-flex wp-block-gallery-is-layout-flex\"><ul class=\"blocks-gallery-grid\"><li class=\"blocks-gallery-item\"><figure><a href=\"http:\/\/www.livemag.it\/wp-content\/uploads\/2020\/04\/paula-alina-1.jpeg\"><img fetchpriority=\"high\" decoding=\"async\" width=\"300\" height=\"199\" src=\"http:\/\/www.livemag.it\/wp-content\/uploads\/2020\/04\/paula-alina-1-300x199.jpeg\" alt=\"\" data-id=\"10917\" data-full-url=\"http:\/\/www.livemag.it\/wp-content\/uploads\/2020\/04\/paula-alina-1.jpeg\" data-link=\"https:\/\/www.livemag.it\/?attachment_id=10917\" class=\"wp-image-10917\" srcset=\"https:\/\/www.livemag.it\/wp-content\/uploads\/2020\/04\/paula-alina-1-300x199.jpeg 300w, https:\/\/www.livemag.it\/wp-content\/uploads\/2020\/04\/paula-alina-1.jpeg 480w\" sizes=\"(max-width: 300px) 100vw, 300px\" \/><\/a><\/figure><\/li><li class=\"blocks-gallery-item\"><figure><a href=\"http:\/\/www.livemag.it\/wp-content\/uploads\/2020\/04\/paula-alina-1-scaled.jpg\"><img decoding=\"async\" src=\"http:\/\/www.livemag.it\/wp-content\/uploads\/2020\/04\/paula-alina-1-225x300.jpg\" alt=\"\" data-id=\"10918\" data-full-url=\"http:\/\/www.livemag.it\/wp-content\/uploads\/2020\/04\/paula-alina-1-scaled.jpg\" data-link=\"https:\/\/www.livemag.it\/?attachment_id=10918\" class=\"wp-image-10918\"\/><\/a><\/figure><\/li><li class=\"blocks-gallery-item\"><figure><a href=\"http:\/\/www.livemag.it\/wp-content\/uploads\/2020\/04\/paula-alina-2.jpeg\"><img decoding=\"async\" width=\"190\" height=\"300\" src=\"http:\/\/www.livemag.it\/wp-content\/uploads\/2020\/04\/paula-alina-2-190x300.jpeg\" alt=\"\" data-id=\"10919\" data-full-url=\"http:\/\/www.livemag.it\/wp-content\/uploads\/2020\/04\/paula-alina-2.jpeg\" data-link=\"https:\/\/www.livemag.it\/?attachment_id=10919\" class=\"wp-image-10919\" srcset=\"https:\/\/www.livemag.it\/wp-content\/uploads\/2020\/04\/paula-alina-2-190x300.jpeg 190w, https:\/\/www.livemag.it\/wp-content\/uploads\/2020\/04\/paula-alina-2.jpeg 304w\" sizes=\"(max-width: 190px) 100vw, 190px\" \/><\/a><\/figure><\/li><li class=\"blocks-gallery-item\"><figure><a href=\"http:\/\/www.livemag.it\/wp-content\/uploads\/2020\/04\/paula-alina-2-scaled.jpg\"><img decoding=\"async\" src=\"http:\/\/www.livemag.it\/wp-content\/uploads\/2020\/04\/paula-alina-2-300x225.jpg\" alt=\"\" data-id=\"10920\" data-full-url=\"http:\/\/www.livemag.it\/wp-content\/uploads\/2020\/04\/paula-alina-2-scaled.jpg\" data-link=\"https:\/\/www.livemag.it\/?attachment_id=10920\" class=\"wp-image-10920\"\/><\/a><\/figure><\/li><li class=\"blocks-gallery-item\"><figure><a href=\"http:\/\/www.livemag.it\/wp-content\/uploads\/2020\/04\/paula-alina-3.jpeg\"><img decoding=\"async\" width=\"190\" height=\"300\" src=\"http:\/\/www.livemag.it\/wp-content\/uploads\/2020\/04\/paula-alina-3-190x300.jpeg\" alt=\"\" data-id=\"10921\" data-full-url=\"http:\/\/www.livemag.it\/wp-content\/uploads\/2020\/04\/paula-alina-3.jpeg\" data-link=\"https:\/\/www.livemag.it\/?attachment_id=10921\" class=\"wp-image-10921\" srcset=\"https:\/\/www.livemag.it\/wp-content\/uploads\/2020\/04\/paula-alina-3-190x300.jpeg 190w, https:\/\/www.livemag.it\/wp-content\/uploads\/2020\/04\/paula-alina-3.jpeg 304w\" sizes=\"(max-width: 190px) 100vw, 190px\" \/><\/a><\/figure><\/li><li class=\"blocks-gallery-item\"><figure><a href=\"http:\/\/www.livemag.it\/wp-content\/uploads\/2020\/04\/paula-alina-3-scaled.jpg\"><img decoding=\"async\" src=\"http:\/\/www.livemag.it\/wp-content\/uploads\/2020\/04\/paula-alina-3-300x225.jpg\" alt=\"\" data-id=\"10922\" data-full-url=\"http:\/\/www.livemag.it\/wp-content\/uploads\/2020\/04\/paula-alina-3-scaled.jpg\" data-link=\"https:\/\/www.livemag.it\/?attachment_id=10922\" class=\"wp-image-10922\"\/><\/a><\/figure><\/li><li class=\"blocks-gallery-item\"><figure><a href=\"http:\/\/www.livemag.it\/wp-content\/uploads\/2020\/04\/paula-alina-4.jpeg\"><img loading=\"lazy\" decoding=\"async\" width=\"190\" height=\"300\" src=\"http:\/\/www.livemag.it\/wp-content\/uploads\/2020\/04\/paula-alina-4-190x300.jpeg\" alt=\"\" data-id=\"10923\" data-full-url=\"http:\/\/www.livemag.it\/wp-content\/uploads\/2020\/04\/paula-alina-4.jpeg\" data-link=\"https:\/\/www.livemag.it\/?attachment_id=10923\" class=\"wp-image-10923\" srcset=\"https:\/\/www.livemag.it\/wp-content\/uploads\/2020\/04\/paula-alina-4-190x300.jpeg 190w, https:\/\/www.livemag.it\/wp-content\/uploads\/2020\/04\/paula-alina-4.jpeg 304w\" sizes=\"(max-width: 190px) 100vw, 190px\" \/><\/a><\/figure><\/li><li class=\"blocks-gallery-item\"><figure><a href=\"http:\/\/www.livemag.it\/wp-content\/uploads\/2020\/04\/paula-alina-5.jpeg\"><img loading=\"lazy\" decoding=\"async\" width=\"190\" height=\"300\" src=\"http:\/\/www.livemag.it\/wp-content\/uploads\/2020\/04\/paula-alina-5-190x300.jpeg\" alt=\"\" data-id=\"10924\" data-full-url=\"http:\/\/www.livemag.it\/wp-content\/uploads\/2020\/04\/paula-alina-5.jpeg\" data-link=\"https:\/\/www.livemag.it\/?attachment_id=10924\" class=\"wp-image-10924\" srcset=\"https:\/\/www.livemag.it\/wp-content\/uploads\/2020\/04\/paula-alina-5-190x300.jpeg 190w, https:\/\/www.livemag.it\/wp-content\/uploads\/2020\/04\/paula-alina-5.jpeg 304w\" sizes=\"(max-width: 190px) 100vw, 190px\" \/><\/a><\/figure><\/li><li class=\"blocks-gallery-item\"><figure><a href=\"http:\/\/www.livemag.it\/wp-content\/uploads\/2020\/04\/paula-alina-6.jpeg\"><img loading=\"lazy\" decoding=\"async\" width=\"300\" height=\"199\" src=\"http:\/\/www.livemag.it\/wp-content\/uploads\/2020\/04\/paula-alina-6-300x199.jpeg\" alt=\"\" data-id=\"10925\" data-full-url=\"http:\/\/www.livemag.it\/wp-content\/uploads\/2020\/04\/paula-alina-6.jpeg\" data-link=\"https:\/\/www.livemag.it\/?attachment_id=10925\" class=\"wp-image-10925\" srcset=\"https:\/\/www.livemag.it\/wp-content\/uploads\/2020\/04\/paula-alina-6-300x199.jpeg 300w, https:\/\/www.livemag.it\/wp-content\/uploads\/2020\/04\/paula-alina-6.jpeg 480w\" sizes=\"(max-width: 300px) 100vw, 300px\" \/><\/a><\/figure><\/li><li class=\"blocks-gallery-item\"><figure><a href=\"http:\/\/www.livemag.it\/wp-content\/uploads\/2020\/04\/paula-alina-7.jpeg\"><img loading=\"lazy\" decoding=\"async\" width=\"196\" height=\"300\" src=\"http:\/\/www.livemag.it\/wp-content\/uploads\/2020\/04\/paula-alina-7-196x300.jpeg\" alt=\"\" data-id=\"10926\" data-full-url=\"http:\/\/www.livemag.it\/wp-content\/uploads\/2020\/04\/paula-alina-7.jpeg\" data-link=\"https:\/\/www.livemag.it\/?attachment_id=10926\" class=\"wp-image-10926\" srcset=\"https:\/\/www.livemag.it\/wp-content\/uploads\/2020\/04\/paula-alina-7-196x300.jpeg 196w, https:\/\/www.livemag.it\/wp-content\/uploads\/2020\/04\/paula-alina-7-668x1024.jpeg 668w, https:\/\/www.livemag.it\/wp-content\/uploads\/2020\/04\/paula-alina-7-768x1176.jpeg 768w, https:\/\/www.livemag.it\/wp-content\/uploads\/2020\/04\/paula-alina-7.jpeg 816w\" sizes=\"(max-width: 196px) 100vw, 196px\" \/><\/a><\/figure><\/li><li class=\"blocks-gallery-item\"><figure><a href=\"http:\/\/www.livemag.it\/wp-content\/uploads\/2020\/04\/paula-alina-8-scaled.jpeg\"><img decoding=\"async\" src=\"http:\/\/www.livemag.it\/wp-content\/uploads\/2020\/04\/paula-alina-8-300x200.jpeg\" alt=\"\" data-id=\"10927\" data-full-url=\"http:\/\/www.livemag.it\/wp-content\/uploads\/2020\/04\/paula-alina-8-scaled.jpeg\" data-link=\"https:\/\/www.livemag.it\/?attachment_id=10927\" class=\"wp-image-10927\"\/><\/a><\/figure><\/li><li class=\"blocks-gallery-item\"><figure><a href=\"http:\/\/www.livemag.it\/wp-content\/uploads\/2020\/04\/paula-alina-9-scaled.jpeg\"><img decoding=\"async\" src=\"http:\/\/www.livemag.it\/wp-content\/uploads\/2020\/04\/paula-alina-9-214x300.jpeg\" alt=\"\" data-id=\"10928\" data-full-url=\"http:\/\/www.livemag.it\/wp-content\/uploads\/2020\/04\/paula-alina-9-scaled.jpeg\" data-link=\"https:\/\/www.livemag.it\/?attachment_id=10928\" class=\"wp-image-10928\"\/><\/a><\/figure><\/li><\/ul><\/figure>\n","protected":false},"excerpt":{"rendered":"<p>Paola Si Leo, 33 anni, romena per\u00f2 ormai italiana, \u00e8 cresciuta in Calabria e da qualche tempo si \u00e8 trasferita a Ferrara. Si definisce una ragazza che osa, diretta: &#8220;Rischio sempre ma sono semplice e amo la semplicit\u00e0 nelle persone e le cose. Oso sempre perch\u00e9 se non lo fai non saprai mai se puoi [&hellip;]<\/p>\n","protected":false},"author":1,"featured_media":0,"comment_status":"open","ping_status":"open","sticky":false,"template":"","format":"standard","meta":{"jnews-multi-image_gallery":[],"jnews_single_post":[],"jnews_primary_category":[],"jnews_social_meta":[],"jnews_override_counter":[],"jnews_post_split":[],"footnotes":""},"categories":[2],"tags":[81],"class_list":["post-10915","post","type-post","status-publish","format-standard","hentry","category-livepeople","tag-instagram"],"yoast_head":"<!-- This site is optimized with the Yoast SEO plugin v27.4 - https:\/\/yoast.com\/product\/yoast-seo-wordpress\/ -->\n<title>Paola Si Leo, non la ferma neppure la quarantena - Live Magazine<\/title>\n<meta name=\"robots\" content=\"index, follow, max-snippet:-1, max-image-preview:large, max-video-preview:-1\" \/>\n<link rel=\"canonical\" href=\"https:\/\/www.livemag.it\/index.php\/2020\/04\/02\/paola-si-leo-non-la-ferma-neppure-la-quarantena\/\" \/>\n<meta property=\"og:locale\" content=\"it_IT\" \/>\n<meta property=\"og:type\" content=\"article\" \/>\n<meta property=\"og:title\" content=\"Paola Si Leo, non la ferma neppure la quarantena - Live Magazine\" \/>\n<meta property=\"og:description\" content=\"Paola Si Leo, 33 anni, romena per\u00f2 ormai italiana, \u00e8 cresciuta in Calabria e da qualche tempo si \u00e8 trasferita a Ferrara. Si definisce una ragazza che osa, diretta: &#8220;Rischio sempre ma sono semplice e amo la semplicit\u00e0 nelle persone e le cose. Oso sempre perch\u00e9 se non lo fai non saprai mai se puoi [&hellip;]\" \/>\n<meta property=\"og:url\" content=\"https:\/\/www.livemag.it\/index.php\/2020\/04\/02\/paola-si-leo-non-la-ferma-neppure-la-quarantena\/\" \/>\n<meta property=\"og:site_name\" content=\"Live Magazine\" \/>\n<meta property=\"article:publisher\" content=\"https:\/\/www.facebook.com\/LiveMag\/\" \/>\n<meta property=\"article:published_time\" content=\"2020-04-02T14:26:41+00:00\" \/>\n<meta property=\"article:modified_time\" content=\"2020-04-02T14:26:42+00:00\" \/>\n<meta property=\"og:image\" content=\"http:\/\/www.livemag.it\/wp-content\/uploads\/2020\/04\/paula-alina-1-300x199.jpeg\" \/>\n<meta name=\"author\" content=\"Redazione\" \/>\n<meta name=\"twitter:card\" content=\"summary_large_image\" \/>\n<meta name=\"twitter:creator\" content=\"@LiveNotizie\" \/>\n<meta name=\"twitter:site\" content=\"@LiveNotizie\" \/>\n<meta name=\"twitter:label1\" content=\"Scritto da\" \/>\n\t<meta name=\"twitter:data1\" content=\"Redazione\" \/>\n\t<meta name=\"twitter:label2\" content=\"Tempo di lettura stimato\" \/>\n\t<meta name=\"twitter:data2\" content=\"1 minuto\" \/>\n<script type=\"application\/ld+json\" class=\"yoast-schema-graph\">{\"@context\":\"https:\\\/\\\/schema.org\",\"@graph\":[{\"@type\":\"Article\",\"@id\":\"https:\\\/\\\/www.livemag.it\\\/index.php\\\/2020\\\/04\\\/02\\\/paola-si-leo-non-la-ferma-neppure-la-quarantena\\\/#article\",\"isPartOf\":{\"@id\":\"https:\\\/\\\/www.livemag.it\\\/index.php\\\/2020\\\/04\\\/02\\\/paola-si-leo-non-la-ferma-neppure-la-quarantena\\\/\"},\"author\":{\"name\":\"Redazione\",\"@id\":\"https:\\\/\\\/www.livemag.it\\\/#\\\/schema\\\/person\\\/7191e402a6eb1110174f9d71f53edea9\"},\"headline\":\"Paola Si Leo, non la ferma neppure la quarantena\",\"datePublished\":\"2020-04-02T14:26:41+00:00\",\"dateModified\":\"2020-04-02T14:26:42+00:00\",\"mainEntityOfPage\":{\"@id\":\"https:\\\/\\\/www.livemag.it\\\/index.php\\\/2020\\\/04\\\/02\\\/paola-si-leo-non-la-ferma-neppure-la-quarantena\\\/\"},\"wordCount\":283,\"commentCount\":0,\"publisher\":{\"@id\":\"https:\\\/\\\/www.livemag.it\\\/#organization\"},\"image\":{\"@id\":\"https:\\\/\\\/www.livemag.it\\\/index.php\\\/2020\\\/04\\\/02\\\/paola-si-leo-non-la-ferma-neppure-la-quarantena\\\/#primaryimage\"},\"thumbnailUrl\":\"http:\\\/\\\/www.livemag.it\\\/wp-content\\\/uploads\\\/2020\\\/04\\\/paula-alina-1-300x199.jpeg\",\"keywords\":[\"instagram\"],\"articleSection\":[\"LivePeople\"],\"inLanguage\":\"it-IT\",\"potentialAction\":[{\"@type\":\"CommentAction\",\"name\":\"Comment\",\"target\":[\"https:\\\/\\\/www.livemag.it\\\/index.php\\\/2020\\\/04\\\/02\\\/paola-si-leo-non-la-ferma-neppure-la-quarantena\\\/#respond\"]}]},{\"@type\":\"WebPage\",\"@id\":\"https:\\\/\\\/www.livemag.it\\\/index.php\\\/2020\\\/04\\\/02\\\/paola-si-leo-non-la-ferma-neppure-la-quarantena\\\/\",\"url\":\"https:\\\/\\\/www.livemag.it\\\/index.php\\\/2020\\\/04\\\/02\\\/paola-si-leo-non-la-ferma-neppure-la-quarantena\\\/\",\"name\":\"Paola Si Leo, non la ferma neppure la quarantena - Live Magazine\",\"isPartOf\":{\"@id\":\"https:\\\/\\\/www.livemag.it\\\/#website\"},\"primaryImageOfPage\":{\"@id\":\"https:\\\/\\\/www.livemag.it\\\/index.php\\\/2020\\\/04\\\/02\\\/paola-si-leo-non-la-ferma-neppure-la-quarantena\\\/#primaryimage\"},\"image\":{\"@id\":\"https:\\\/\\\/www.livemag.it\\\/index.php\\\/2020\\\/04\\\/02\\\/paola-si-leo-non-la-ferma-neppure-la-quarantena\\\/#primaryimage\"},\"thumbnailUrl\":\"http:\\\/\\\/www.livemag.it\\\/wp-content\\\/uploads\\\/2020\\\/04\\\/paula-alina-1-300x199.jpeg\",\"datePublished\":\"2020-04-02T14:26:41+00:00\",\"dateModified\":\"2020-04-02T14:26:42+00:00\",\"breadcrumb\":{\"@id\":\"https:\\\/\\\/www.livemag.it\\\/index.php\\\/2020\\\/04\\\/02\\\/paola-si-leo-non-la-ferma-neppure-la-quarantena\\\/#breadcrumb\"},\"inLanguage\":\"it-IT\",\"potentialAction\":[{\"@type\":\"ReadAction\",\"target\":[\"https:\\\/\\\/www.livemag.it\\\/index.php\\\/2020\\\/04\\\/02\\\/paola-si-leo-non-la-ferma-neppure-la-quarantena\\\/\"]}]},{\"@type\":\"ImageObject\",\"inLanguage\":\"it-IT\",\"@id\":\"https:\\\/\\\/www.livemag.it\\\/index.php\\\/2020\\\/04\\\/02\\\/paola-si-leo-non-la-ferma-neppure-la-quarantena\\\/#primaryimage\",\"url\":\"http:\\\/\\\/www.livemag.it\\\/wp-content\\\/uploads\\\/2020\\\/04\\\/paula-alina-1-300x199.jpeg\",\"contentUrl\":\"http:\\\/\\\/www.livemag.it\\\/wp-content\\\/uploads\\\/2020\\\/04\\\/paula-alina-1-300x199.jpeg\"},{\"@type\":\"BreadcrumbList\",\"@id\":\"https:\\\/\\\/www.livemag.it\\\/index.php\\\/2020\\\/04\\\/02\\\/paola-si-leo-non-la-ferma-neppure-la-quarantena\\\/#breadcrumb\",\"itemListElement\":[{\"@type\":\"ListItem\",\"position\":1,\"name\":\"Home\",\"item\":\"https:\\\/\\\/www.livemag.it\\\/\"},{\"@type\":\"ListItem\",\"position\":2,\"name\":\"Paola Si Leo, non la ferma neppure la quarantena\"}]},{\"@type\":\"WebSite\",\"@id\":\"https:\\\/\\\/www.livemag.it\\\/#website\",\"url\":\"https:\\\/\\\/www.livemag.it\\\/\",\"name\":\"Live Magazine\",\"description\":\"Varie ed eventi\",\"publisher\":{\"@id\":\"https:\\\/\\\/www.livemag.it\\\/#organization\"},\"potentialAction\":[{\"@type\":\"SearchAction\",\"target\":{\"@type\":\"EntryPoint\",\"urlTemplate\":\"https:\\\/\\\/www.livemag.it\\\/?s={search_term_string}\"},\"query-input\":{\"@type\":\"PropertyValueSpecification\",\"valueRequired\":true,\"valueName\":\"search_term_string\"}}],\"inLanguage\":\"it-IT\"},{\"@type\":\"Organization\",\"@id\":\"https:\\\/\\\/www.livemag.it\\\/#organization\",\"name\":\"LiveMag\",\"alternateName\":\"LiveMag News ed eventi\",\"url\":\"https:\\\/\\\/www.livemag.it\\\/\",\"logo\":{\"@type\":\"ImageObject\",\"inLanguage\":\"it-IT\",\"@id\":\"https:\\\/\\\/www.livemag.it\\\/#\\\/schema\\\/logo\\\/image\\\/\",\"url\":\"https:\\\/\\\/www.livemag.it\\\/wp-content\\\/uploads\\\/2024\\\/02\\\/immagine-sito.jpg\",\"contentUrl\":\"https:\\\/\\\/www.livemag.it\\\/wp-content\\\/uploads\\\/2024\\\/02\\\/immagine-sito.jpg\",\"width\":696,\"height\":696,\"caption\":\"LiveMag\"},\"image\":{\"@id\":\"https:\\\/\\\/www.livemag.it\\\/#\\\/schema\\\/logo\\\/image\\\/\"},\"sameAs\":[\"https:\\\/\\\/www.facebook.com\\\/LiveMag\\\/\",\"https:\\\/\\\/x.com\\\/LiveNotizie\",\"https:\\\/\\\/www.instagram.com\\\/livemag\\\/\"]},{\"@type\":\"Person\",\"@id\":\"https:\\\/\\\/www.livemag.it\\\/#\\\/schema\\\/person\\\/7191e402a6eb1110174f9d71f53edea9\",\"name\":\"Redazione\",\"image\":{\"@type\":\"ImageObject\",\"inLanguage\":\"it-IT\",\"@id\":\"https:\\\/\\\/secure.gravatar.com\\\/avatar\\\/b20eb33510695f1259c3f61c8dfc966b174a5d33f605fb2d514d9b271222597e?s=96&r=g\",\"url\":\"https:\\\/\\\/secure.gravatar.com\\\/avatar\\\/b20eb33510695f1259c3f61c8dfc966b174a5d33f605fb2d514d9b271222597e?s=96&r=g\",\"contentUrl\":\"https:\\\/\\\/secure.gravatar.com\\\/avatar\\\/b20eb33510695f1259c3f61c8dfc966b174a5d33f605fb2d514d9b271222597e?s=96&r=g\",\"caption\":\"Redazione\"},\"url\":\"https:\\\/\\\/www.livemag.it\\\/index.php\\\/author\\\/admin6640\\\/\"}]}<\/script>\n<!-- \/ Yoast SEO plugin. -->","yoast_head_json":{"title":"Paola Si Leo, non la ferma neppure la quarantena - Live Magazine","robots":{"index":"index","follow":"follow","max-snippet":"max-snippet:-1","max-image-preview":"max-image-preview:large","max-video-preview":"max-video-preview:-1"},"canonical":"https:\/\/www.livemag.it\/index.php\/2020\/04\/02\/paola-si-leo-non-la-ferma-neppure-la-quarantena\/","og_locale":"it_IT","og_type":"article","og_title":"Paola Si Leo, non la ferma neppure la quarantena - Live Magazine","og_description":"Paola Si Leo, 33 anni, romena per\u00f2 ormai italiana, \u00e8 cresciuta in Calabria e da qualche tempo si \u00e8 trasferita a Ferrara. Si definisce una ragazza che osa, diretta: &#8220;Rischio sempre ma sono semplice e amo la semplicit\u00e0 nelle persone e le cose. Oso sempre perch\u00e9 se non lo fai non saprai mai se puoi [&hellip;]","og_url":"https:\/\/www.livemag.it\/index.php\/2020\/04\/02\/paola-si-leo-non-la-ferma-neppure-la-quarantena\/","og_site_name":"Live Magazine","article_publisher":"https:\/\/www.facebook.com\/LiveMag\/","article_published_time":"2020-04-02T14:26:41+00:00","article_modified_time":"2020-04-02T14:26:42+00:00","og_image":[{"url":"http:\/\/www.livemag.it\/wp-content\/uploads\/2020\/04\/paula-alina-1-300x199.jpeg","type":"","width":"","height":""}],"author":"Redazione","twitter_card":"summary_large_image","twitter_creator":"@LiveNotizie","twitter_site":"@LiveNotizie","twitter_misc":{"Scritto da":"Redazione","Tempo di lettura stimato":"1 minuto"},"schema":{"@context":"https:\/\/schema.org","@graph":[{"@type":"Article","@id":"https:\/\/www.livemag.it\/index.php\/2020\/04\/02\/paola-si-leo-non-la-ferma-neppure-la-quarantena\/#article","isPartOf":{"@id":"https:\/\/www.livemag.it\/index.php\/2020\/04\/02\/paola-si-leo-non-la-ferma-neppure-la-quarantena\/"},"author":{"name":"Redazione","@id":"https:\/\/www.livemag.it\/#\/schema\/person\/7191e402a6eb1110174f9d71f53edea9"},"headline":"Paola Si Leo, non la ferma neppure la quarantena","datePublished":"2020-04-02T14:26:41+00:00","dateModified":"2020-04-02T14:26:42+00:00","mainEntityOfPage":{"@id":"https:\/\/www.livemag.it\/index.php\/2020\/04\/02\/paola-si-leo-non-la-ferma-neppure-la-quarantena\/"},"wordCount":283,"commentCount":0,"publisher":{"@id":"https:\/\/www.livemag.it\/#organization"},"image":{"@id":"https:\/\/www.livemag.it\/index.php\/2020\/04\/02\/paola-si-leo-non-la-ferma-neppure-la-quarantena\/#primaryimage"},"thumbnailUrl":"http:\/\/www.livemag.it\/wp-content\/uploads\/2020\/04\/paula-alina-1-300x199.jpeg","keywords":["instagram"],"articleSection":["LivePeople"],"inLanguage":"it-IT","potentialAction":[{"@type":"CommentAction","name":"Comment","target":["https:\/\/www.livemag.it\/index.php\/2020\/04\/02\/paola-si-leo-non-la-ferma-neppure-la-quarantena\/#respond"]}]},{"@type":"WebPage","@id":"https:\/\/www.livemag.it\/index.php\/2020\/04\/02\/paola-si-leo-non-la-ferma-neppure-la-quarantena\/","url":"https:\/\/www.livemag.it\/index.php\/2020\/04\/02\/paola-si-leo-non-la-ferma-neppure-la-quarantena\/","name":"Paola Si Leo, non la ferma neppure la quarantena - Live Magazine","isPartOf":{"@id":"https:\/\/www.livemag.it\/#website"},"primaryImageOfPage":{"@id":"https:\/\/www.livemag.it\/index.php\/2020\/04\/02\/paola-si-leo-non-la-ferma-neppure-la-quarantena\/#primaryimage"},"image":{"@id":"https:\/\/www.livemag.it\/index.php\/2020\/04\/02\/paola-si-leo-non-la-ferma-neppure-la-quarantena\/#primaryimage"},"thumbnailUrl":"http:\/\/www.livemag.it\/wp-content\/uploads\/2020\/04\/paula-alina-1-300x199.jpeg","datePublished":"2020-04-02T14:26:41+00:00","dateModified":"2020-04-02T14:26:42+00:00","breadcrumb":{"@id":"https:\/\/www.livemag.it\/index.php\/2020\/04\/02\/paola-si-leo-non-la-ferma-neppure-la-quarantena\/#breadcrumb"},"inLanguage":"it-IT","potentialAction":[{"@type":"ReadAction","target":["https:\/\/www.livemag.it\/index.php\/2020\/04\/02\/paola-si-leo-non-la-ferma-neppure-la-quarantena\/"]}]},{"@type":"ImageObject","inLanguage":"it-IT","@id":"https:\/\/www.livemag.it\/index.php\/2020\/04\/02\/paola-si-leo-non-la-ferma-neppure-la-quarantena\/#primaryimage","url":"http:\/\/www.livemag.it\/wp-content\/uploads\/2020\/04\/paula-alina-1-300x199.jpeg","contentUrl":"http:\/\/www.livemag.it\/wp-content\/uploads\/2020\/04\/paula-alina-1-300x199.jpeg"},{"@type":"BreadcrumbList","@id":"https:\/\/www.livemag.it\/index.php\/2020\/04\/02\/paola-si-leo-non-la-ferma-neppure-la-quarantena\/#breadcrumb","itemListElement":[{"@type":"ListItem","position":1,"name":"Home","item":"https:\/\/www.livemag.it\/"},{"@type":"ListItem","position":2,"name":"Paola Si Leo, non la ferma neppure la quarantena"}]},{"@type":"WebSite","@id":"https:\/\/www.livemag.it\/#website","url":"https:\/\/www.livemag.it\/","name":"Live Magazine","description":"Varie ed eventi","publisher":{"@id":"https:\/\/www.livemag.it\/#organization"},"potentialAction":[{"@type":"SearchAction","target":{"@type":"EntryPoint","urlTemplate":"https:\/\/www.livemag.it\/?s={search_term_string}"},"query-input":{"@type":"PropertyValueSpecification","valueRequired":true,"valueName":"search_term_string"}}],"inLanguage":"it-IT"},{"@type":"Organization","@id":"https:\/\/www.livemag.it\/#organization","name":"LiveMag","alternateName":"LiveMag News ed eventi","url":"https:\/\/www.livemag.it\/","logo":{"@type":"ImageObject","inLanguage":"it-IT","@id":"https:\/\/www.livemag.it\/#\/schema\/logo\/image\/","url":"https:\/\/www.livemag.it\/wp-content\/uploads\/2024\/02\/immagine-sito.jpg","contentUrl":"https:\/\/www.livemag.it\/wp-content\/uploads\/2024\/02\/immagine-sito.jpg","width":696,"height":696,"caption":"LiveMag"},"image":{"@id":"https:\/\/www.livemag.it\/#\/schema\/logo\/image\/"},"sameAs":["https:\/\/www.facebook.com\/LiveMag\/","https:\/\/x.com\/LiveNotizie","https:\/\/www.instagram.com\/livemag\/"]},{"@type":"Person","@id":"https:\/\/www.livemag.it\/#\/schema\/person\/7191e402a6eb1110174f9d71f53edea9","name":"Redazione","image":{"@type":"ImageObject","inLanguage":"it-IT","@id":"https:\/\/secure.gravatar.com\/avatar\/b20eb33510695f1259c3f61c8dfc966b174a5d33f605fb2d514d9b271222597e?s=96&r=g","url":"https:\/\/secure.gravatar.com\/avatar\/b20eb33510695f1259c3f61c8dfc966b174a5d33f605fb2d514d9b271222597e?s=96&r=g","contentUrl":"https:\/\/secure.gravatar.com\/avatar\/b20eb33510695f1259c3f61c8dfc966b174a5d33f605fb2d514d9b271222597e?s=96&r=g","caption":"Redazione"},"url":"https:\/\/www.livemag.it\/index.php\/author\/admin6640\/"}]}},"jetpack_featured_media_url":"","_links":{"self":[{"href":"https:\/\/www.livemag.it\/index.php\/wp-json\/wp\/v2\/posts\/10915","targetHints":{"allow":["GET"]}}],"collection":[{"href":"https:\/\/www.livemag.it\/index.php\/wp-json\/wp\/v2\/posts"}],"about":[{"href":"https:\/\/www.livemag.it\/index.php\/wp-json\/wp\/v2\/types\/post"}],"author":[{"embeddable":true,"href":"https:\/\/www.livemag.it\/index.php\/wp-json\/wp\/v2\/users\/1"}],"replies":[{"embeddable":true,"href":"https:\/\/www.livemag.it\/index.php\/wp-json\/wp\/v2\/comments?post=10915"}],"version-history":[{"count":3,"href":"https:\/\/www.livemag.it\/index.php\/wp-json\/wp\/v2\/posts\/10915\/revisions"}],"predecessor-version":[{"id":10930,"href":"https:\/\/www.livemag.it\/index.php\/wp-json\/wp\/v2\/posts\/10915\/revisions\/10930"}],"wp:attachment":[{"href":"https:\/\/www.livemag.it\/index.php\/wp-json\/wp\/v2\/media?parent=10915"}],"wp:term":[{"taxonomy":"category","embeddable":true,"href":"https:\/\/www.livemag.it\/index.php\/wp-json\/wp\/v2\/categories?post=10915"},{"taxonomy":"post_tag","embeddable":true,"href":"https:\/\/www.livemag.it\/index.php\/wp-json\/wp\/v2\/tags?post=10915"}],"curies":[{"name":"wp","href":"https:\/\/api.w.org\/{rel}","templated":true}]}}